{"id":17775,"global_id":"moianesturisme.cat\/agendacultural?id=17775","global_id_lineage":["moianesturisme.cat\/agendacultural?id=17775"],"author":"2","status":"publish","date":"2025-12-23 17:06:42","date_utc":"2025-12-23 15:06:42","modified":"2025-12-23 17:06:42","modified_utc":"2025-12-23 15:06:42","url":"https:\/\/moianesturisme.cat\/agendacultural\/activitat\/monistroljugui-2025\/","rest_url":"https:\/\/moianesturisme.cat\/agendacultural\/wp-json\/tribe\/events\/v1\/events\/17775","title":"Monistroljugui 2025","description":"<p>FINS A I3<\/p>\n<p>&#8211; Taller de m\u00fasica en fam\u00edlia (a c\u00e0rrec de Laura Gual , professora de l&#8217;escola de m\u00fasica d&#8217;Art\u00e9s) Aquesta activitat es far\u00e0 en dos torns: un a les 16:45 i l&#8217;altre i les 17:45. Places limitades a 10 infants\/families per grup.<\/p>\n<p>&#8211; Zona de moviment lliure (gentilesa de <a class=\"x1i10hfl xjbqb8w x1ejq31n x18oe1m7 x1sy0etr xstzfhl x972fbf x10w94by x1qhh985 x14e42zd x9f619 x1ypdohk xt0psk2 x3ct3a4 xdj266r x14z9mp xat24cr x1lziwak xexx8yu xyri2b x18d9i69 x1c1uobl x16tdsg8 x1hl2dhg xggy1nq x1a2a7pz notranslate _a6hd\" tabindex=\"0\" role=\"link\" href=\"https:\/\/www.instagram.com\/caliumoianes\/\">@caliumoianes<\/a> )<\/p>\n<p>&#8211; Espai d&#8217;experimentaci\u00f3 i sensorial<\/p>\n<p>A PARTIR DE I4<\/p>\n<p>&#8211; Taller de galetes ( a c\u00e0rrec de Gemma Arrieta)<\/p>\n<p>&#8211; Zona de construcci\u00f3 de legos<\/p>\n<p>&#8211; Zona art\u00edstica<\/p>\n<p>&#8211; Jocs de taula<\/p>\n<p>&#8211; ping-pong<\/p>\n<p>&#8211; Scalextric ( a c\u00e0rrec de David Moya)<\/p>\n<p>PER A TOTES LES EDATS<\/p>\n<p>. Taller de macram\u00e9 ( a c\u00e0rrec de la Merc\u00e8 Montferrer de <a class=\"x1i10hfl xjbqb8w x1ejq31n x18oe1m7 x1sy0etr xstzfhl x972fbf x10w94by x1qhh985 x14e42zd x9f619 x1ypdohk xt0psk2 x3ct3a4 xdj266r x14z9mp xat24cr x1lziwak xexx8yu xyri2b x18d9i69 x1c1uobl x16tdsg8 x1hl2dhg xggy1nq x1a2a7pz notranslate _a6hd\" tabindex=\"0\" role=\"link\" href=\"https:\/\/www.instagram.com\/nusosmonistrol\/\">@nusosmonistrol<\/a> )<\/p>\n<p>. Pinta-cares<\/p>\n<p>Durant la tarda hi haur\u00e0 servei de bar amb begudes i berenars.<\/p>\n<p>I la rifa solid\u00e0ria gr\u00e0cies a <a class=\"x1i10hfl xjbqb8w x1ejq31n x18oe1m7 x1sy0etr xstzfhl x972fbf x10w94by x1qhh985 x14e42zd x9f619 x1ypdohk xt0psk2 x3ct3a4 xdj266r x14z9mp xat24cr x1lziwak xexx8yu xyri2b x18d9i69 x1c1uobl x16tdsg8 x1hl2dhg xggy1nq x1a2a7pz notranslate _a6hd\" tabindex=\"0\" role=\"link\" href=\"https:\/\/www.instagram.com\/lapera_fruits_artes\/\">@lapera_fruits_artes<\/a> : una panera de fruita.<br \/>\nCada n\u00famero de la llumineta \u00e9s de 2\u20ac. El sorteig es far\u00e0 el mateix dissabte.<\/p>\n<p>INSCRIPCI\u00d3 A: memorialpersempremarta@gmail.com o whatsaap al 669905631 (Susana) i 628082417 (Rosa)<\/p>","excerpt":"","slug":"monistroljugui-2025","image":{"url":"https:\/\/moianesturisme.cat\/agendacultural\/wp-content\/uploads\/2025\/12\/603101061_18099439417841053_1288415735282247369_n-e1766502387266.jpg","id":17776,"extension":"jpg","width":500,"height":625,"filesize":102803,"sizes":{"medium":{"width":240,"height":300,"mime-type":"image\/jpeg","filesize":34035,"url":"https:\/\/moianesturisme.cat\/agendacultural\/wp-content\/uploads\/2025\/12\/603101061_18099439417841053_1288415735282247369_n-240x300.jpg"},"large":{"width":819,"height":1024,"mime-type":"image\/jpeg","filesize":208666,"url":"https:\/\/moianesturisme.cat\/agendacultural\/wp-content\/uploads\/2025\/12\/603101061_18099439417841053_1288415735282247369_n-819x1024.jpg"},"thumbnail":{"width":150,"height":150,"mime-type":"image\/jpeg","filesize":12698,"url":"https:\/\/moianesturisme.cat\/agendacultural\/wp-content\/uploads\/2025\/12\/603101061_18099439417841053_1288415735282247369_n-150x150.jpg"},"medium_large":{"width":768,"height":960,"mime-type":"image\/jpeg","filesize":188425,"url":"https:\/\/moianesturisme.cat\/agendacultural\/wp-content\/uploads\/2025\/12\/603101061_18099439417841053_1288415735282247369_n-768x960.jpg"},"blog-large":{"width":669,"height":272,"mime-type":"image\/jpeg","filesize":61206,"url":"https:\/\/moianesturisme.cat\/agendacultural\/wp-content\/uploads\/2025\/12\/603101061_18099439417841053_1288415735282247369_n-669x272.jpg"},"blog-medium":{"width":320,"height":202,"mime-type":"image\/jpeg","filesize":29216,"url":"https:\/\/moianesturisme.cat\/agendacultural\/wp-content\/uploads\/2025\/12\/603101061_18099439417841053_1288415735282247369_n-320x202.jpg"},"recent-posts":{"width":700,"height":441,"mime-type":"image\/jpeg","filesize":96721,"url":"https:\/\/moianesturisme.cat\/agendacultural\/wp-content\/uploads\/2025\/12\/603101061_18099439417841053_1288415735282247369_n-700x441.jpg"},"recent-works-thumbnail":{"width":66,"height":66,"mime-type":"image\/jpeg","filesize":3812,"url":"https:\/\/moianesturisme.cat\/agendacultural\/wp-content\/uploads\/2025\/12\/603101061_18099439417841053_1288415735282247369_n-66x66.jpg"},"fusion-200":{"width":200,"height":250,"mime-type":"image\/jpeg","filesize":25399,"url":"https:\/\/moianesturisme.cat\/agendacultural\/wp-content\/uploads\/2025\/12\/603101061_18099439417841053_1288415735282247369_n-200x250.jpg"},"fusion-400":{"width":400,"height":500,"mime-type":"image\/jpeg","filesize":73404,"url":"https:\/\/moianesturisme.cat\/agendacultural\/wp-content\/uploads\/2025\/12\/603101061_18099439417841053_1288415735282247369_n-400x500.jpg"},"fusion-600":{"width":600,"height":750,"mime-type":"image\/jpeg","filesize":133525,"url":"https:\/\/moianesturisme.cat\/agendacultural\/wp-content\/uploads\/2025\/12\/603101061_18099439417841053_1288415735282247369_n-600x750.jpg"},"fusion-800":{"width":800,"height":1000,"mime-type":"image\/jpeg","filesize":199621,"url":"https:\/\/moianesturisme.cat\/agendacultural\/wp-content\/uploads\/2025\/12\/603101061_18099439417841053_1288415735282247369_n-800x1000.jpg"},"portfolio-full":{"width":940,"height":400,"mime-type":"image\/jpeg","filesize":99299,"url":"https:\/\/moianesturisme.cat\/agendacultural\/wp-content\/uploads\/2025\/12\/603101061_18099439417841053_1288415735282247369_n-940x400.jpg"},"portfolio-one":{"width":540,"height":272,"mime-type":"image\/jpeg","filesize":56148,"url":"https:\/\/moianesturisme.cat\/agendacultural\/wp-content\/uploads\/2025\/12\/603101061_18099439417841053_1288415735282247369_n-540x272.jpg"},"portfolio-two":{"width":460,"height":295,"mime-type":"image\/jpeg","filesize":53033,"url":"https:\/\/moianesturisme.cat\/agendacultural\/wp-content\/uploads\/2025\/12\/603101061_18099439417841053_1288415735282247369_n-460x295.jpg"},"portfolio-three":{"width":300,"height":214,"mime-type":"image\/jpeg","filesize":29510,"url":"https:\/\/moianesturisme.cat\/agendacultural\/wp-content\/uploads\/2025\/12\/603101061_18099439417841053_1288415735282247369_n-300x214.jpg"},"portfolio-five":{"width":177,"height":142,"mime-type":"image\/jpeg","filesize":13748,"url":"https:\/\/moianesturisme.cat\/agendacultural\/wp-content\/uploads\/2025\/12\/603101061_18099439417841053_1288415735282247369_n-177x142.jpg"}}},"all_day":false,"start_date":"2025-12-27 16:30:00","start_date_details":{"year":"2025","month":"12","day":"27","hour":"16","minutes":"30","seconds":"00"},"end_date":"2025-12-27 19:30:00","end_date_details":{"year":"2025","month":"12","day":"27","hour":"19","minutes":"30","seconds":"00"},"utc_start_date":"2025-12-27 14:30:00","utc_start_date_details":{"year":"2025","month":"12","day":"27","hour":"14","minutes":"30","seconds":"00"},"utc_end_date":"2025-12-27 17:30:00","utc_end_date_details":{"year":"2025","month":"12","day":"27","hour":"17","minutes":"30","seconds":"00"},"timezone":"UTC+2","timezone_abbr":"UTC+2","cost":"\u20ac2 - \u20ac5","cost_details":{"currency_symbol":"\u20ac","currency_code":"EUR","currency_position":"prefix","values":["2","5"]},"website":"","show_map":true,"show_map_link":true,"hide_from_listings":false,"sticky":false,"featured":false,"categories":[{"name":"Activitat solid\u00e0ria","slug":"activitat-solidaria","term_group":0,"term_taxonomy_id":177,"taxonomy":"tribe_events_cat","description":"","parent":0,"count":27,"filter":"raw","id":177,"urls":{"self":"https:\/\/moianesturisme.cat\/agendacultural\/wp-json\/tribe\/events\/v1\/categories\/177","collection":"https:\/\/moianesturisme.cat\/agendacultural\/wp-json\/tribe\/events\/v1\/categories"}}],"tags":[],"venue":{"id":7144,"author":"2","status":"publish","date":"2023-07-19 20:19:28","date_utc":"2023-07-19 18:19:28","modified":"2023-07-19 20:19:28","modified_utc":"2023-07-19 18:19:28","url":"https:\/\/moianesturisme.cat\/agendacultural\/recinte\/pavello-municipal-monistrol-de-calders\/","venue":"Pavell\u00f3 Municipal Monistrol de Calders","slug":"pavello-municipal-monistrol-de-calders","address":"Camp de futbol, s\/n","city":"Monistrol de Calders","province":"Barcelona","zip":"08275","stateprovince":"Barcelona","json_ld":{"@type":"Place","name":"Pavell\u00f3 Municipal Monistrol de Calders","description":"","url":"https:\/\/moianesturisme.cat\/agendacultural\/recinte\/pavello-municipal-monistrol-de-calders\/","address":{"@type":"PostalAddress","streetAddress":"Camp de futbol, s\/n","addressLocality":"Monistrol de Calders","addressRegion":"Barcelona","postalCode":"08275"},"telephone":"","sameAs":""},"show_map":true,"show_map_link":true,"global_id":"moianesturisme.cat\/agendacultural?id=7144","global_id_lineage":["moianesturisme.cat\/agendacultural?id=7144"]},"organizer":[{"id":16197,"author":"2","status":"publish","date":"2025-07-24 12:53:33","date_utc":"2025-07-24 10:53:33","modified":"2025-07-24 12:53:33","modified_utc":"2025-07-24 10:53:33","url":"https:\/\/moianesturisme.cat\/agendacultural\/organitzador\/per-sempre-marta\/","organizer":"Per sempre marta","slug":"per-sempre-marta","json_ld":{"@type":"Person","name":"Per sempre marta","description":"","url":"","telephone":"","email":"","sameAs":""},"global_id":"moianesturisme.cat\/agendacultural?id=16197","global_id_lineage":["moianesturisme.cat\/agendacultural?id=16197"]}],"custom_fields":{"_ecp_custom_2":{"label":"Municipis","value":"Monistrol de Calders"},"_ecp_custom_12":{"label":"Resum","value":"Dissabte 27, de 16:30 a 19:30, ens trobareu al Pavell\u00f3 de Monistrol de Calders amb diferents propostes i zones de joc"}},"json_ld":{"@context":"http:\/\/schema.org","@type":"Event","name":"Monistroljugui 2025","description":"&lt;p&gt;FINS A I3 - Taller de m\u00fasica en fam\u00edlia (a c\u00e0rrec de Laura Gual , professora de l\\'escola de m\u00fasica d\\'Art\u00e9s) Aquesta activitat es far\u00e0 en dos torns: un a les 16:45 i l\\'altre i les 17:45. Places limitades a 10 infants\/families per grup. - Zona de moviment lliure (gentilesa de @caliumoianes ) - Espai&lt;\/p&gt;\\n","image":"https:\/\/moianesturisme.cat\/agendacultural\/wp-content\/uploads\/2025\/12\/603101061_18099439417841053_1288415735282247369_n-e1766502387266.jpg","url":"https:\/\/moianesturisme.cat\/agendacultural\/activitat\/monistroljugui-2025\/","eventAttendanceMode":"https:\/\/schema.org\/OfflineEventAttendanceMode","eventStatus":"https:\/\/schema.org\/EventScheduled","startDate":"2025-12-27T16:30:00+02:00","endDate":"2025-12-27T19:30:00+02:00","location":{"@type":"Place","name":"Pavell\u00f3 Municipal Monistrol de Calders","description":"","url":"https:\/\/moianesturisme.cat\/agendacultural\/recinte\/pavello-municipal-monistrol-de-calders\/","address":{"@type":"PostalAddress","streetAddress":"Camp de futbol, s\/n","addressLocality":"Monistrol de Calders","addressRegion":"Barcelona","postalCode":"08275"},"telephone":"","sameAs":""},"organizer":{"@type":"Person","name":"Per sempre marta","description":"","url":"","telephone":"","email":"","sameAs":""},"offers":{"@type":"Offer","price":"2 - 5","priceCurrency":"EUR","url":"https:\/\/moianesturisme.cat\/agendacultural\/activitat\/monistroljugui-2025\/","category":"primary","availability":"inStock","validFrom":"1970-01-01T00:00:00+00:00"},"performer":"Organization"},"is_virtual":false,"virtual_url":null,"virtual_video_source":""}