{"id":16371,"global_id":"moianesturisme.cat\/agendacultural?id=16371","global_id_lineage":["moianesturisme.cat\/agendacultural?id=16371"],"author":"2","status":"publish","date":"2025-08-01 12:15:09","date_utc":"2025-08-01 10:15:09","modified":"2025-08-01 12:15:09","modified_utc":"2025-08-01 10:15:09","url":"https:\/\/moianesturisme.cat\/agendacultural\/activitat\/cicle-gaudi-la-furia\/","rest_url":"https:\/\/moianesturisme.cat\/agendacultural\/wp-json\/tribe\/events\/v1\/events\/16371","title":"CICLE GAUD\u00cd: La Furia","description":"<div class=\"elementor-element elementor-element-024afb6 elementor-widget elementor-widget-text-editor\" data-element_type=\"widget\" data-id=\"024afb6\" data-widget_type=\"text-editor.default\">\n<div class=\"elementor-widget-container\">\n<p>Alex, una jove actriu, \u00e9s violada en una festa de Cap d\u2019Any i no reconeix el seu agressor. Quan acudeix al seu germ\u00e0 Adri\u00e1n buscant refugi i comprensi\u00f3, aquest reacciona q\u00fcestionant-la i pressionant-la. Aix\u00ed, Alex es distancia del seu germ\u00e0 i de tot el que coneix.<\/p>\n<p>Al llarg d\u2019un any viu sola el f\u00e0stic, la vergonya i la culpa. Adri\u00e1n, consumit per la r\u00e0bia, pren les seves pr\u00f2pies decisions en un cam\u00ed cada vegada m\u00e9s fosc, molt lluny del que l\u2019Alex necessita. Mentrestant, ella interpreta el venjatiu personatge de Medea i troba en el teatre l\u2019\u00fanica manera de canalitzar el seu dolor i la seva ira.<\/p>\n<\/div>\n<\/div>\n<div class=\"elementor-element elementor-element-dc5cc6a e-con-full e-flex e-con e-child\" data-element_type=\"container\" data-id=\"dc5cc6a\" data-settings=\"{\">\n<div class=\"elementor-element elementor-element-5a94b95 e-con-full e-flex e-con e-child\" data-element_type=\"container\" data-id=\"5a94b95\">\n<div class=\"elementor-element elementor-element-f014f6e elementor-widget elementor-widget-heading\" data-element_type=\"widget\" data-id=\"f014f6e\" data-widget_type=\"heading.default\">\n<div class=\"elementor-widget-container\">\n<div class=\"elementor-element elementor-element-f014f6e elementor-widget elementor-widget-heading\" data-element_type=\"widget\" data-id=\"f014f6e\" data-widget_type=\"heading.default\">\n<div class=\"elementor-widget-container\">\n<p>FITXA T\u00c8CNICA<\/p>\n<p>Direcci\u00f3: Gemma Blasco<\/p>\n<p>Productora: RM Pel\u00edcula, A.I.E., Ringo Media<\/p>\n<p>Estrena: 28 de mar\u00e7 de 2025<\/p>\n<p>Durada: 107 min.<\/p>\n<p>Gui\u00f3: Gemma Blasco, Eva Paun\u00e9<\/p>\n<p>G\u00e8nere: Drama<\/p>\n<p>Qualificaci\u00f3: No recomanada per a menors de 16 anys<\/p>\n<p>Versi\u00f3: Original en catal\u00e0 i castell\u00e0<\/p>\n<p>Int\u00e8rprets:<br \/>\nAna Torrent, \u00c0ngela Cervantes, A\u0300lex Monner, Carla Linares, Eli Iranzo, Pau Escobar, Salim Tamoud<\/p>\n<\/div>\n<\/div>\n<\/div>\n<\/div>\n<\/div>\n<\/div>","excerpt":"","slug":"cicle-gaudi-la-furia","image":{"url":"https:\/\/moianesturisme.cat\/agendacultural\/wp-content\/uploads\/2025\/08\/VISUAL_A3_LAFURIA_SANTA_MARIA_D_OLO-e1754043293419.webp","id":16372,"extension":"webp","width":500,"height":706,"filesize":44056,"sizes":{"medium":{"width":212,"height":300,"mime-type":"image\/webp","filesize":12798,"url":"https:\/\/moianesturisme.cat\/agendacultural\/wp-content\/uploads\/2025\/08\/VISUAL_A3_LAFURIA_SANTA_MARIA_D_OLO-212x300.webp"},"large":{"width":725,"height":1024,"mime-type":"image\/webp","filesize":71320,"url":"https:\/\/moianesturisme.cat\/agendacultural\/wp-content\/uploads\/2025\/08\/VISUAL_A3_LAFURIA_SANTA_MARIA_D_OLO-725x1024.webp"},"thumbnail":{"width":150,"height":150,"mime-type":"image\/webp","filesize":5154,"url":"https:\/\/moianesturisme.cat\/agendacultural\/wp-content\/uploads\/2025\/08\/VISUAL_A3_LAFURIA_SANTA_MARIA_D_OLO-150x150.webp"},"medium_large":{"width":768,"height":1085,"mime-type":"image\/webp","filesize":77934,"url":"https:\/\/moianesturisme.cat\/agendacultural\/wp-content\/uploads\/2025\/08\/VISUAL_A3_LAFURIA_SANTA_MARIA_D_OLO-768x1085.webp"},"1536x1536":{"width":1087,"height":1536,"mime-type":"image\/webp","filesize":126556,"url":"https:\/\/moianesturisme.cat\/agendacultural\/wp-content\/uploads\/2025\/08\/VISUAL_A3_LAFURIA_SANTA_MARIA_D_OLO-1087x1536.webp"},"blog-large":{"width":669,"height":272,"mime-type":"image\/webp","filesize":17950,"url":"https:\/\/moianesturisme.cat\/agendacultural\/wp-content\/uploads\/2025\/08\/VISUAL_A3_LAFURIA_SANTA_MARIA_D_OLO-669x272.webp"},"blog-medium":{"width":320,"height":202,"mime-type":"image\/webp","filesize":9182,"url":"https:\/\/moianesturisme.cat\/agendacultural\/wp-content\/uploads\/2025\/08\/VISUAL_A3_LAFURIA_SANTA_MARIA_D_OLO-320x202.webp"},"recent-posts":{"width":700,"height":441,"mime-type":"image\/webp","filesize":29880,"url":"https:\/\/moianesturisme.cat\/agendacultural\/wp-content\/uploads\/2025\/08\/VISUAL_A3_LAFURIA_SANTA_MARIA_D_OLO-700x441.webp"},"recent-works-thumbnail":{"width":66,"height":66,"mime-type":"image\/webp","filesize":1476,"url":"https:\/\/moianesturisme.cat\/agendacultural\/wp-content\/uploads\/2025\/08\/VISUAL_A3_LAFURIA_SANTA_MARIA_D_OLO-66x66.webp"},"fusion-200":{"width":200,"height":283,"mime-type":"image\/webp","filesize":11842,"url":"https:\/\/moianesturisme.cat\/agendacultural\/wp-content\/uploads\/2025\/08\/VISUAL_A3_LAFURIA_SANTA_MARIA_D_OLO-200x283.webp"},"fusion-400":{"width":400,"height":565,"mime-type":"image\/webp","filesize":31720,"url":"https:\/\/moianesturisme.cat\/agendacultural\/wp-content\/uploads\/2025\/08\/VISUAL_A3_LAFURIA_SANTA_MARIA_D_OLO-400x565.webp"},"fusion-600":{"width":600,"height":848,"mime-type":"image\/webp","filesize":57338,"url":"https:\/\/moianesturisme.cat\/agendacultural\/wp-content\/uploads\/2025\/08\/VISUAL_A3_LAFURIA_SANTA_MARIA_D_OLO-600x848.webp"},"fusion-800":{"width":800,"height":1130,"mime-type":"image\/webp","filesize":82126,"url":"https:\/\/moianesturisme.cat\/agendacultural\/wp-content\/uploads\/2025\/08\/VISUAL_A3_LAFURIA_SANTA_MARIA_D_OLO-800x1130.webp"},"portfolio-full":{"width":940,"height":400,"mime-type":"image\/webp","filesize":32692,"url":"https:\/\/moianesturisme.cat\/agendacultural\/wp-content\/uploads\/2025\/08\/VISUAL_A3_LAFURIA_SANTA_MARIA_D_OLO-940x400.webp"},"portfolio-one":{"width":540,"height":272,"mime-type":"image\/webp","filesize":15802,"url":"https:\/\/moianesturisme.cat\/agendacultural\/wp-content\/uploads\/2025\/08\/VISUAL_A3_LAFURIA_SANTA_MARIA_D_OLO-540x272.webp"},"portfolio-two":{"width":460,"height":295,"mime-type":"image\/webp","filesize":16096,"url":"https:\/\/moianesturisme.cat\/agendacultural\/wp-content\/uploads\/2025\/08\/VISUAL_A3_LAFURIA_SANTA_MARIA_D_OLO-460x295.webp"},"portfolio-three":{"width":300,"height":214,"mime-type":"image\/webp","filesize":9240,"url":"https:\/\/moianesturisme.cat\/agendacultural\/wp-content\/uploads\/2025\/08\/VISUAL_A3_LAFURIA_SANTA_MARIA_D_OLO-300x214.webp"},"portfolio-five":{"width":177,"height":142,"mime-type":"image\/webp","filesize":4634,"url":"https:\/\/moianesturisme.cat\/agendacultural\/wp-content\/uploads\/2025\/08\/VISUAL_A3_LAFURIA_SANTA_MARIA_D_OLO-177x142.webp"}}},"all_day":false,"start_date":"2025-09-21 18:00:00","start_date_details":{"year":"2025","month":"09","day":"21","hour":"18","minutes":"00","seconds":"00"},"end_date":"2025-09-21 19:30:00","end_date_details":{"year":"2025","month":"09","day":"21","hour":"19","minutes":"30","seconds":"00"},"utc_start_date":"2025-09-21 15:00:00","utc_start_date_details":{"year":"2025","month":"09","day":"21","hour":"15","minutes":"00","seconds":"00"},"utc_end_date":"2025-09-21 16:30:00","utc_end_date_details":{"year":"2025","month":"09","day":"21","hour":"16","minutes":"30","seconds":"00"},"timezone":"UTC+2","timezone_abbr":"UTC+2","cost":"\u20ac4,5","cost_details":{"currency_symbol":"\u20ac","currency_code":"EUR","currency_position":"prefix","values":["4.5"]},"website":"","show_map":true,"show_map_link":true,"hide_from_listings":false,"sticky":false,"featured":false,"categories":[{"name":"Cinema","slug":"cinema","term_group":0,"term_taxonomy_id":50,"taxonomy":"tribe_events_cat","description":"","parent":0,"count":116,"filter":"raw","id":50,"urls":{"self":"https:\/\/moianesturisme.cat\/agendacultural\/wp-json\/tribe\/events\/v1\/categories\/50","collection":"https:\/\/moianesturisme.cat\/agendacultural\/wp-json\/tribe\/events\/v1\/categories"}}],"tags":[],"venue":{"id":8057,"author":"2","status":"publish","date":"2023-08-09 10:05:24","date_utc":"2023-08-09 08:05:24","modified":"2023-08-09 10:05:24","modified_utc":"2023-08-09 08:05:24","url":"https:\/\/moianesturisme.cat\/agendacultural\/recinte\/espai-hemalosa\/","venue":"Espai Hemalosa","slug":"espai-hemalosa","address":"Pla\u00e7a Catalunya, s\/n","city":"Santa Maria d' Ol\u00f3","province":"Barcelona","zip":"08273","stateprovince":"Barcelona","json_ld":{"@type":"Place","name":"Espai Hemalosa","description":"","url":"https:\/\/moianesturisme.cat\/agendacultural\/recinte\/espai-hemalosa\/","address":{"@type":"PostalAddress","streetAddress":"Pla\u00e7a Catalunya, s\/n","addressLocality":"Santa Maria d&#039; Ol\u00f3","addressRegion":"Barcelona","postalCode":"08273"},"telephone":"","sameAs":""},"show_map":true,"show_map_link":true,"global_id":"moianesturisme.cat\/agendacultural?id=8057","global_id_lineage":["moianesturisme.cat\/agendacultural?id=8057"]},"organizer":[{"id":11318,"author":"2","status":"publish","date":"2024-06-13 12:29:15","date_utc":"2024-06-13 10:29:15","modified":"2024-06-13 12:29:15","modified_utc":"2024-06-13 10:29:15","url":"https:\/\/moianesturisme.cat\/agendacultural\/organitzador\/ajuntament-santa-maria-dolo-3\/","organizer":"Ajuntament Santa Maria d\u2019Ol\u00f3","slug":"ajuntament-santa-maria-dolo-3","json_ld":{"@type":"Person","name":"Ajuntament Santa Maria d\u2019Ol\u00f3","description":"","url":"","telephone":"","email":"","sameAs":""},"global_id":"moianesturisme.cat\/agendacultural?id=11318","global_id_lineage":["moianesturisme.cat\/agendacultural?id=11318"]}],"custom_fields":{"_ecp_custom_2":{"label":"Municipis","value":"Santa Maria d\u2019Ol\u00f3"}},"json_ld":{"@context":"http:\/\/schema.org","@type":"Event","name":"CICLE GAUD\u00cd: La Furia","description":"&lt;p&gt;Alex, una jove actriu, \u00e9s violada en una festa de Cap d\u2019Any i no reconeix el seu agressor. Quan acudeix al seu germ\u00e0 Adri\u00e1n buscant refugi i comprensi\u00f3, aquest reacciona q\u00fcestionant-la i pressionant-la. Aix\u00ed, Alex es distancia del seu germ\u00e0 i de tot el que coneix. Al llarg d\u2019un any viu sola el f\u00e0stic, la&lt;\/p&gt;\\n","image":"https:\/\/moianesturisme.cat\/agendacultural\/wp-content\/uploads\/2025\/08\/VISUAL_A3_LAFURIA_SANTA_MARIA_D_OLO-e1754043293419.webp","url":"https:\/\/moianesturisme.cat\/agendacultural\/activitat\/cicle-gaudi-la-furia\/","eventAttendanceMode":"https:\/\/schema.org\/OfflineEventAttendanceMode","eventStatus":"https:\/\/schema.org\/EventScheduled","startDate":"2025-09-21T18:00:00+02:00","endDate":"2025-09-21T19:30:00+02:00","location":{"@type":"Place","name":"Espai Hemalosa","description":"","url":"https:\/\/moianesturisme.cat\/agendacultural\/recinte\/espai-hemalosa\/","address":{"@type":"PostalAddress","streetAddress":"Pla\u00e7a Catalunya, s\/n","addressLocality":"Santa Maria d&#039; Ol\u00f3","addressRegion":"Barcelona","postalCode":"08273"},"telephone":"","sameAs":""},"organizer":{"@type":"Person","name":"Ajuntament Santa Maria d\u2019Ol\u00f3","description":"","url":"","telephone":"","email":"","sameAs":""},"offers":{"@type":"Offer","price":"4,5","priceCurrency":"EUR","url":"https:\/\/moianesturisme.cat\/agendacultural\/activitat\/cicle-gaudi-la-furia\/","category":"primary","availability":"inStock","validFrom":"1970-01-01T00:00:00+00:00"},"performer":"Organization"},"is_virtual":false,"virtual_url":null,"virtual_video_source":""}