{"id":13970,"global_id":"moianesturisme.cat\/agendacultural?id=13970","global_id_lineage":["moianesturisme.cat\/agendacultural?id=13970"],"author":"2","status":"publish","date":"2024-12-16 14:09:35","date_utc":"2024-12-16 12:09:35","modified":"2024-12-16 14:09:35","modified_utc":"2024-12-16 12:09:35","url":"https:\/\/moianesturisme.cat\/agendacultural\/activitat\/laser-tag-a-calders\/","rest_url":"https:\/\/moianesturisme.cat\/agendacultural\/wp-json\/tribe\/events\/v1\/events\/13970","title":"L\u00e0ser Tag a Calders","description":"<div class=\"fusion-fullwidth fullwidth-box fusion-builder-row-2 fusion-flex-container has-pattern-background has-mask-background nonhundred-percent-fullwidth non-hundred-percent-height-scrolling\" style=\"--awb-border-radius-top-left:0px;--awb-border-radius-top-right:0px;--awb-border-radius-bottom-right:0px;--awb-border-radius-bottom-left:0px;--awb-flex-wrap:wrap;\" ><div class=\"fusion-builder-row fusion-row fusion-flex-align-items-flex-start fusion-flex-content-wrap\" style=\"max-width:1216.8px;margin-left: calc(-4% \/ 2 );margin-right: calc(-4% \/ 2 );\"><div class=\"fusion-layout-column fusion_builder_column fusion-builder-column-1 fusion_builder_column_1_1 1_1 fusion-flex-column\" style=\"--awb-bg-size:cover;--awb-width-large:100%;--awb-margin-top-large:0px;--awb-spacing-right-large:1.92%;--awb-margin-bottom-large:20px;--awb-spacing-left-large:1.92%;--awb-width-medium:100%;--awb-order-medium:0;--awb-spacing-right-medium:1.92%;--awb-spacing-left-medium:1.92%;--awb-width-small:100%;--awb-order-small:0;--awb-spacing-right-small:1.92%;--awb-spacing-left-small:1.92%;\"><div class=\"fusion-column-wrapper fusion-column-has-shadow fusion-flex-justify-content-flex-start fusion-content-layout-column\"><div class=\"fusion-text fusion-text-2\"><p>Sessi\u00f3 de L\u00e0ser Tag a Calders<\/p>\n<p>Equips de 5 persones.<br \/>\n\ud83d\uddd3\ufe0f Dissabte 21 de desembre<br \/>\n\ud83d\udd5c De 10:30h a 13:30h<br \/>\n\ud83d\udccd Al Centre C\u00edvic<\/p>\n<p>Cal inscripci\u00f3 pr\u00e8via a\u00a0<a href=\"https:\/\/ja.cat\/lasertagcalders\" target=\"_blank\" rel=\"noopener\">https:\/\/ja.cat\/lasertagcalders<\/a><\/p>\n<\/div><\/div><\/div><\/div><\/div>","excerpt":"","slug":"laser-tag-a-calders","image":false,"all_day":false,"start_date":"2024-12-21 10:30:00","start_date_details":{"year":"2024","month":"12","day":"21","hour":"10","minutes":"30","seconds":"00"},"end_date":"2024-12-21 13:30:00","end_date_details":{"year":"2024","month":"12","day":"21","hour":"13","minutes":"30","seconds":"00"},"utc_start_date":"2024-12-21 08:30:00","utc_start_date_details":{"year":"2024","month":"12","day":"21","hour":"08","minutes":"30","seconds":"00"},"utc_end_date":"2024-12-21 11:30:00","utc_end_date_details":{"year":"2024","month":"12","day":"21","hour":"11","minutes":"30","seconds":"00"},"timezone":"UTC+2","timezone_abbr":"UTC+2","cost":"","cost_details":{"currency_symbol":"\u20ac","currency_code":"EUR","currency_position":"prefix","values":[]},"website":"","show_map":true,"show_map_link":true,"hide_from_listings":false,"sticky":false,"featured":false,"categories":[{"name":"Altres","slug":"altres","term_group":0,"term_taxonomy_id":172,"taxonomy":"tribe_events_cat","description":"","parent":0,"count":68,"filter":"raw","id":172,"urls":{"self":"https:\/\/moianesturisme.cat\/agendacultural\/wp-json\/tribe\/events\/v1\/categories\/172","collection":"https:\/\/moianesturisme.cat\/agendacultural\/wp-json\/tribe\/events\/v1\/categories"}},{"name":"Joventut","slug":"joventut","term_group":0,"term_taxonomy_id":128,"taxonomy":"tribe_events_cat","description":"","parent":0,"count":31,"filter":"raw","id":128,"urls":{"self":"https:\/\/moianesturisme.cat\/agendacultural\/wp-json\/tribe\/events\/v1\/categories\/128","collection":"https:\/\/moianesturisme.cat\/agendacultural\/wp-json\/tribe\/events\/v1\/categories"}}],"tags":[],"venue":{"id":7147,"author":"2","status":"publish","date":"2023-07-19 20:25:28","date_utc":"2023-07-19 18:25:28","modified":"2023-07-19 20:25:28","modified_utc":"2023-07-19 18:25:28","url":"https:\/\/moianesturisme.cat\/agendacultural\/recinte\/centre-civic-de-calders\/","venue":"Centre C\u00edvic de Calders","slug":"centre-civic-de-calders","address":"Pla\u00e7a Major 3-5","city":"Calders","province":"Barcelona","zip":"08275","stateprovince":"Barcelona","json_ld":{"@type":"Place","name":"Centre C\u00edvic de Calders","description":"","url":"https:\/\/moianesturisme.cat\/agendacultural\/recinte\/centre-civic-de-calders\/","address":{"@type":"PostalAddress","streetAddress":"Pla\u00e7a Major 3-5","addressLocality":"Calders","addressRegion":"Barcelona","postalCode":"08275"},"telephone":"","sameAs":""},"show_map":true,"show_map_link":true,"global_id":"moianesturisme.cat\/agendacultural?id=7147","global_id_lineage":["moianesturisme.cat\/agendacultural?id=7147"]},"organizer":[{"id":7168,"author":"2","status":"publish","date":"2023-07-20 10:24:53","date_utc":"2023-07-20 08:24:53","modified":"2023-07-20 10:24:53","modified_utc":"2023-07-20 08:24:53","url":"https:\/\/moianesturisme.cat\/agendacultural\/organitzador\/consell-comarcal-del-moianes\/","organizer":"Consell Comarcal del Moian\u00e8s","slug":"consell-comarcal-del-moianes","phone":"93 820 80 00","website":"https:\/\/www.ccmoianes.cat","email":"ccmn.cultura@ccmoianes.cat","json_ld":{"@type":"Person","name":"Consell Comarcal del Moian\u00e8s","description":"","url":"https:\/\/www.ccmoianes.cat","telephone":"93 820 80 00","email":"&#99;cmn.cu&#108;&#116;ur&#97;&#64;&#99;c&#109;oi&#97;n&#101;&#115;.c&#97;t","sameAs":"https:\/\/www.ccmoianes.cat"},"global_id":"moianesturisme.cat\/agendacultural?id=7168","global_id_lineage":["moianesturisme.cat\/agendacultural?id=7168"]},{"id":5145,"author":"1","status":"publish","date":"2022-05-06 14:39:25","date_utc":"2022-05-06 12:39:25","modified":"2023-07-19 14:27:16","modified_utc":"2023-07-19 12:27:16","url":"https:\/\/moianesturisme.cat\/agendacultural\/organitzador\/consorci-del-moianes\/","organizer":"Consorci del Moian\u00e8s","description":"<div class=\"fusion-fullwidth fullwidth-box fusion-builder-row-1 fusion-flex-container nonhundred-percent-fullwidth non-hundred-percent-height-scrolling\" style=\"--awb-border-radius-top-left:0px;--awb-border-radius-top-right:0px;--awb-border-radius-bottom-right:0px;--awb-border-radius-bottom-left:0px;--awb-flex-wrap:wrap;\" ><div class=\"fusion-builder-row fusion-row fusion-flex-align-items-flex-start fusion-flex-content-wrap\" style=\"max-width:1216.8px;margin-left: calc(-4% \/ 2 );margin-right: calc(-4% \/ 2 );\"><div class=\"fusion-layout-column fusion_builder_column fusion-builder-column-0 fusion_builder_column_1_1 1_1 fusion-flex-column\" style=\"--awb-bg-size:cover;--awb-width-large:100%;--awb-margin-top-large:0px;--awb-spacing-right-large:1.92%;--awb-margin-bottom-large:0px;--awb-spacing-left-large:1.92%;--awb-width-medium:100%;--awb-spacing-right-medium:1.92%;--awb-spacing-left-medium:1.92%;--awb-width-small:100%;--awb-spacing-right-small:1.92%;--awb-spacing-left-small:1.92%;\"><div class=\"fusion-column-wrapper fusion-flex-justify-content-flex-start fusion-content-layout-column\"><div class=\"fusion-text fusion-text-1\"><p>Lorem ipsum dolor sit amet, consectetur adipiscing elit. Aenean pretium, tortor nec blandit aliquam, risus quam aliquam tellus, vitae maximus ipsum libero in neque. Sed iaculis turpis at ultricies consequat. Morbi consequat, felis vestibulum pellentesque venenatis, neque lacus consequat lectus, suscipit interdum metus nisl ullamcorper justo. Mauris varius, arcu quis tristique scelerisque, quam orci posuere nibh, et pulvinar mi purus ac sapien. Pellentesque gravida lectus et erat tempus efficitur. Morbi ultrices elit in sem imperdiet viverra.<\/p>\n<\/div><\/div><\/div><\/div><\/div>","slug":"consorci-del-moianes","phone":"93 830 14 18","website":"http:\/\/moianesturisme.cat","email":"turisme@consorcidelmoianes.cat","json_ld":{"@type":"Person","name":"Consorci del Moian\u00e8s","description":"&lt;p&gt;Lorem ipsum dolor sit amet, consectetur adipiscing elit. Aenean pretium, tortor nec blandit aliquam, risus quam aliquam tellus, vitae maximus ipsum libero in neque. Sed iaculis turpis at ultricies consequat. Morbi consequat, felis vestibulum pellentesque venenatis, neque lacus consequat lectus, suscipit interdum metus nisl ullamcorper justo. Mauris varius, arcu quis tristique scelerisque, quam orci posuere&lt;\/p&gt;\\n","url":"http:\/\/moianesturisme.cat","telephone":"93 830 14 18","email":"t&#117;&#114;&#105;&#115;m&#101;&#64;&#99;ons&#111;rc&#105;d&#101;&#108;&#109;&#111;i&#97;&#110;&#101;s&#46;&#99;&#97;&#116;","sameAs":"http:\/\/moianesturisme.cat"},"global_id":"moianesturisme.cat\/agendacultural?id=5145","global_id_lineage":["moianesturisme.cat\/agendacultural?id=5145"]}],"custom_fields":{"_ecp_custom_2":{"label":"Municipis","value":"Calders"},"_ecp_custom_12":{"label":"Resum","value":"Sessi\u00f3 de L\u00e0ser Tag a Calders"}},"json_ld":{"@context":"http:\/\/schema.org","@type":"Event","name":"L\u00e0ser Tag a Calders","description":"&lt;p&gt;Sessi\u00f3 de L\u00e0ser Tag a Calders Equips de 5 persones. \ud83d\uddd3\ufe0f Dissabte 21 de desembre \ud83d\udd5c De 10:30h a 13:30h \ud83d\udccd Al Centre C\u00edvic Cal inscripci\u00f3 pr\u00e8via a\u00a0https:\/\/ja.cat\/lasertagcalders&lt;\/p&gt;\\n","url":"https:\/\/moianesturisme.cat\/agendacultural\/activitat\/laser-tag-a-calders\/","eventAttendanceMode":"https:\/\/schema.org\/OfflineEventAttendanceMode","eventStatus":"https:\/\/schema.org\/EventScheduled","startDate":"2024-12-21T10:30:00+02:00","endDate":"2024-12-21T13:30:00+02:00","location":{"@type":"Place","name":"Centre C\u00edvic de Calders","description":"","url":"https:\/\/moianesturisme.cat\/agendacultural\/recinte\/centre-civic-de-calders\/","address":{"@type":"PostalAddress","streetAddress":"Pla\u00e7a Major 3-5","addressLocality":"Calders","addressRegion":"Barcelona","postalCode":"08275"},"telephone":"","sameAs":""},"organizer":{"@type":"Person","name":"Consell Comarcal del Moian\u00e8s","description":"","url":"https:\/\/www.ccmoianes.cat","telephone":"93 820 80 00","email":"&#99;cm&#110;&#46;&#99;&#117;l&#116;&#117;r&#97;&#64;&#99;c&#109;o&#105;&#97;&#110;&#101;&#115;&#46;&#99;&#97;t","sameAs":"https:\/\/www.ccmoianes.cat"},"performer":"Organization"},"is_virtual":false,"virtual_url":null,"virtual_video_source":""}