{"id":13746,"global_id":"moianesturisme.cat\/agendacultural?id=13746","global_id_lineage":["moianesturisme.cat\/agendacultural?id=13746"],"author":"2","status":"publish","date":"2024-11-29 14:15:16","date_utc":"2024-11-29 12:15:16","modified":"2024-11-29 14:15:16","modified_utc":"2024-11-29 12:15:16","url":"https:\/\/moianesturisme.cat\/agendacultural\/activitat\/calendari-de-moia-2025\/","rest_url":"https:\/\/moianesturisme.cat\/agendacultural\/wp-json\/tribe\/events\/v1\/events\/13746","title":"Calendari de Moi\u00e0 2025","description":"","excerpt":"","slug":"calendari-de-moia-2025","image":{"url":"https:\/\/moianesturisme.cat\/agendacultural\/wp-content\/uploads\/2024\/11\/Ass-Modilianum.jpg","id":13747,"extension":"jpg","width":1754,"height":2481,"filesize":813325,"sizes":{"medium":{"width":212,"height":300,"mime-type":"image\/jpeg","filesize":23786,"url":"https:\/\/moianesturisme.cat\/agendacultural\/wp-content\/uploads\/2024\/11\/Ass-Modilianum-212x300.jpg"},"large":{"width":724,"height":1024,"mime-type":"image\/jpeg","filesize":180489,"url":"https:\/\/moianesturisme.cat\/agendacultural\/wp-content\/uploads\/2024\/11\/Ass-Modilianum-724x1024.jpg"},"thumbnail":{"width":150,"height":150,"mime-type":"image\/jpeg","filesize":10126,"url":"https:\/\/moianesturisme.cat\/agendacultural\/wp-content\/uploads\/2024\/11\/Ass-Modilianum-150x150.jpg"},"medium_large":{"width":768,"height":1086,"mime-type":"image\/jpeg","filesize":199468,"url":"https:\/\/moianesturisme.cat\/agendacultural\/wp-content\/uploads\/2024\/11\/Ass-Modilianum-768x1086.jpg"},"1536x1536":{"width":1086,"height":1536,"mime-type":"image\/jpeg","filesize":348969,"url":"https:\/\/moianesturisme.cat\/agendacultural\/wp-content\/uploads\/2024\/11\/Ass-Modilianum-1086x1536.jpg"},"2048x2048":{"width":1448,"height":2048,"mime-type":"image\/jpeg","filesize":544784,"url":"https:\/\/moianesturisme.cat\/agendacultural\/wp-content\/uploads\/2024\/11\/Ass-Modilianum-1448x2048.jpg"},"blog-large":{"width":669,"height":946,"mime-type":"image\/jpeg","filesize":158165,"url":"https:\/\/moianesturisme.cat\/agendacultural\/wp-content\/uploads\/2024\/11\/Ass-Modilianum-669x946.jpg"},"blog-medium":{"width":320,"height":453,"mime-type":"image\/jpeg","filesize":46442,"url":"https:\/\/moianesturisme.cat\/agendacultural\/wp-content\/uploads\/2024\/11\/Ass-Modilianum-320x453.jpg"},"recent-posts":{"width":700,"height":990,"mime-type":"image\/jpeg","filesize":171457,"url":"https:\/\/moianesturisme.cat\/agendacultural\/wp-content\/uploads\/2024\/11\/Ass-Modilianum-700x990.jpg"},"recent-works-thumbnail":{"width":66,"height":93,"mime-type":"image\/jpeg","filesize":3709,"url":"https:\/\/moianesturisme.cat\/agendacultural\/wp-content\/uploads\/2024\/11\/Ass-Modilianum-66x93.jpg"},"fusion-200":{"width":200,"height":283,"mime-type":"image\/jpeg","filesize":21283,"url":"https:\/\/moianesturisme.cat\/agendacultural\/wp-content\/uploads\/2024\/11\/Ass-Modilianum-200x283.jpg"},"fusion-400":{"width":400,"height":566,"mime-type":"image\/jpeg","filesize":67397,"url":"https:\/\/moianesturisme.cat\/agendacultural\/wp-content\/uploads\/2024\/11\/Ass-Modilianum-400x566.jpg"},"fusion-600":{"width":600,"height":849,"mime-type":"image\/jpeg","filesize":131872,"url":"https:\/\/moianesturisme.cat\/agendacultural\/wp-content\/uploads\/2024\/11\/Ass-Modilianum-600x849.jpg"},"fusion-800":{"width":800,"height":1132,"mime-type":"image\/jpeg","filesize":213712,"url":"https:\/\/moianesturisme.cat\/agendacultural\/wp-content\/uploads\/2024\/11\/Ass-Modilianum-800x1132.jpg"},"fusion-1200":{"width":1200,"height":1697,"mime-type":"image\/jpeg","filesize":408518,"url":"https:\/\/moianesturisme.cat\/agendacultural\/wp-content\/uploads\/2024\/11\/Ass-Modilianum-1200x1697.jpg"},"portfolio-full":{"width":940,"height":1330,"mime-type":"image\/jpeg","filesize":276967,"url":"https:\/\/moianesturisme.cat\/agendacultural\/wp-content\/uploads\/2024\/11\/Ass-Modilianum-940x1330.jpg"},"portfolio-one":{"width":540,"height":764,"mime-type":"image\/jpeg","filesize":111504,"url":"https:\/\/moianesturisme.cat\/agendacultural\/wp-content\/uploads\/2024\/11\/Ass-Modilianum-540x764.jpg"},"portfolio-two":{"width":460,"height":651,"mime-type":"image\/jpeg","filesize":85178,"url":"https:\/\/moianesturisme.cat\/agendacultural\/wp-content\/uploads\/2024\/11\/Ass-Modilianum-460x651.jpg"},"portfolio-three":{"width":300,"height":424,"mime-type":"image\/jpeg","filesize":42036,"url":"https:\/\/moianesturisme.cat\/agendacultural\/wp-content\/uploads\/2024\/11\/Ass-Modilianum-300x424.jpg"},"portfolio-five":{"width":177,"height":250,"mime-type":"image\/jpeg","filesize":17823,"url":"https:\/\/moianesturisme.cat\/agendacultural\/wp-content\/uploads\/2024\/11\/Ass-Modilianum-177x250.jpg"}}},"all_day":true,"start_date":"2024-12-01 00:00:00","start_date_details":{"year":"2024","month":"12","day":"01","hour":"00","minutes":"00","seconds":"00"},"end_date":"2025-01-10 23:59:59","end_date_details":{"year":"2025","month":"01","day":"10","hour":"23","minutes":"59","seconds":"59"},"utc_start_date":"2024-11-30 22:00:00","utc_start_date_details":{"year":"2024","month":"11","day":"30","hour":"22","minutes":"00","seconds":"00"},"utc_end_date":"2025-01-10 21:59:59","utc_end_date_details":{"year":"2025","month":"01","day":"10","hour":"21","minutes":"59","seconds":"59"},"timezone":"UTC+2","timezone_abbr":"UTC+2","cost":"10\u20ac","cost_details":{"currency_symbol":"\u20ac","currency_code":"EUR","currency_position":"suffix","values":["10"]},"website":"","show_map":true,"show_map_link":true,"hide_from_listings":false,"sticky":false,"featured":false,"categories":[{"name":"Altres","slug":"altres","term_group":0,"term_taxonomy_id":172,"taxonomy":"tribe_events_cat","description":"","parent":0,"count":68,"filter":"raw","id":172,"urls":{"self":"https:\/\/moianesturisme.cat\/agendacultural\/wp-json\/tribe\/events\/v1\/categories\/172","collection":"https:\/\/moianesturisme.cat\/agendacultural\/wp-json\/tribe\/events\/v1\/categories"}},{"name":"Fotografia","slug":"fotografia","term_group":0,"term_taxonomy_id":170,"taxonomy":"tribe_events_cat","description":"","parent":0,"count":5,"filter":"raw","id":170,"urls":{"self":"https:\/\/moianesturisme.cat\/agendacultural\/wp-json\/tribe\/events\/v1\/categories\/170","collection":"https:\/\/moianesturisme.cat\/agendacultural\/wp-json\/tribe\/events\/v1\/categories"}},{"name":"Patrimoni","slug":"patrimoni","term_group":0,"term_taxonomy_id":77,"taxonomy":"tribe_events_cat","description":"","parent":0,"count":76,"filter":"raw","id":77,"urls":{"self":"https:\/\/moianesturisme.cat\/agendacultural\/wp-json\/tribe\/events\/v1\/categories\/77","collection":"https:\/\/moianesturisme.cat\/agendacultural\/wp-json\/tribe\/events\/v1\/categories"}}],"tags":[],"venue":{"id":11725,"author":"2","status":"trash","date":"2024-07-11 09:57:18","date_utc":"2024-07-11 07:57:18","modified":"2025-08-04 08:54:26","modified_utc":"2025-08-04 06:54:26","url":"https:\/\/moianesturisme.cat\/agendacultural\/?post_type=tribe_venue&p=11725","venue":"Diferents localitzacions","slug":"diferents-localitzacions__trashed","show_map":false,"show_map_link":false,"global_id":"moianesturisme.cat\/agendacultural?id=11725","global_id_lineage":["moianesturisme.cat\/agendacultural?id=11725"]},"organizer":[{"id":13751,"author":"2","status":"publish","date":"2024-11-29 14:15:16","date_utc":"2024-11-29 12:15:16","modified":"2024-11-29 14:15:16","modified_utc":"2024-11-29 12:15:16","url":"https:\/\/moianesturisme.cat\/agendacultural\/organitzador\/associacio-cultural-modilianum-2\/","organizer":"Associaci\u00f3 Cultural Modilianum","slug":"associacio-cultural-modilianum-2","json_ld":{"@type":"Person","name":"Associaci\u00f3 Cultural Modilianum","description":"","url":"","telephone":"","email":"","sameAs":""},"global_id":"moianesturisme.cat\/agendacultural?id=13751","global_id_lineage":["moianesturisme.cat\/agendacultural?id=13751"]}],"custom_fields":{"_ecp_custom_2":{"label":"Municipis","value":"Moi\u00e0"},"_ecp_custom_12":{"label":"Resum","value":"El diumenge 1 de desembre es posa a la venda el calendari de Moi\u00e0 2025, amb fotografies hist\u00f2riques de la vila. \r\nAmb la seva compra es col\u00b7labora amb Moian\u00e8s Solidari."}},"json_ld":{"@context":"http:\/\/schema.org","@type":"Event","name":"Calendari de Moi\u00e0 2025","description":"","image":"https:\/\/moianesturisme.cat\/agendacultural\/wp-content\/uploads\/2024\/11\/Ass-Modilianum.jpg","url":"https:\/\/moianesturisme.cat\/agendacultural\/activitat\/calendari-de-moia-2025\/","eventAttendanceMode":"https:\/\/schema.org\/OfflineEventAttendanceMode","eventStatus":"https:\/\/schema.org\/EventScheduled","startDate":"2024-12-01T00:00:00+02:00","endDate":"2025-01-10T23:59:59+02:00","location":false,"organizer":{"@type":"Person","name":"Associaci\u00f3 Cultural Modilianum","description":"","url":"","telephone":"","email":"","sameAs":""},"offers":{"@type":"Offer","price":"10","priceCurrency":"EUR","url":"https:\/\/moianesturisme.cat\/agendacultural\/activitat\/calendari-de-moia-2025\/","category":"primary","availability":"inStock","validFrom":"1970-01-01T00:00:00+00:00"},"performer":"Organization"},"is_virtual":false,"virtual_url":null,"virtual_video_source":""}