{"id":10033515,"global_id":"moianesturisme.cat\/agendacultural?id=10033515","global_id_lineage":["moianesturisme.cat\/agendacultural?id=10033515"],"author":"15","status":"publish","date":"2024-02-25 00:26:26","date_utc":"2024-02-24 22:26:26","modified":"2026-03-16 23:56:34","modified_utc":"2026-03-16 21:56:34","url":"https:\/\/moianesturisme.cat\/agendacultural\/activitat\/passejades-trementinaires-per-granera-2\/2026-05-31\/","rest_url":"https:\/\/moianesturisme.cat\/agendacultural\/wp-json\/tribe\/events\/v1\/events\/10033515","title":"Passejades Trementinaires per Granera","description":"<div class=\"fusion-fullwidth fullwidth-box fusion-builder-row-3 fusion-flex-container nonhundred-percent-fullwidth non-hundred-percent-height-scrolling\" style=\"--awb-border-radius-top-left: 0px;--awb-border-radius-top-right: 0px;--awb-border-radius-bottom-right: 0px;--awb-border-radius-bottom-left: 0px;--awb-flex-wrap: wrap\">\n<div class=\"fusion-builder-row fusion-row fusion-flex-align-items-flex-start fusion-flex-content-wrap\" style=\"max-width: 1216.8px;margin-left: calc(-4% \/ 2 );margin-right: calc(-4% \/ 2 )\">\n<div class=\"fusion-layout-column fusion_builder_column fusion-builder-column-6 fusion_builder_column_1_1 1_1 fusion-flex-column\" style=\"--awb-bg-size: cover;--awb-width-large: 100%;--awb-margin-top-large: 0px;--awb-spacing-right-large: 1.92%;--awb-margin-bottom-large: 0px;--awb-spacing-left-large: 1.92%;--awb-width-medium: 100%;--awb-spacing-right-medium: 1.92%;--awb-spacing-left-medium: 1.92%;--awb-width-small: 100%;--awb-spacing-right-small: 1.92%;--awb-spacing-left-small: 1.92%\">\n<div class=\"fusion-column-wrapper fusion-flex-justify-content-flex-start fusion-content-layout-column\">\n<div class=\"fusion-text fusion-text-1\">\n<div class=\"fusion-fullwidth fullwidth-box fusion-builder-row-3 fusion-flex-container nonhundred-percent-fullwidth non-hundred-percent-height-scrolling\" style=\"--awb-border-radius-top-left: 0px;--awb-border-radius-top-right: 0px;--awb-border-radius-bottom-right: 0px;--awb-border-radius-bottom-left: 0px;--awb-flex-wrap: wrap\">\n<div class=\"fusion-builder-row fusion-row fusion-flex-align-items-flex-start fusion-flex-content-wrap\" style=\"max-width: 1216.8px;margin-left: calc(-4% \/ 2 );margin-right: calc(-4% \/ 2 )\">\n<div class=\"fusion-layout-column fusion_builder_column fusion-builder-column-6 fusion_builder_column_1_1 1_1 fusion-flex-column\" style=\"--awb-bg-size: cover;--awb-width-large: 100%;--awb-margin-top-large: 0px;--awb-spacing-right-large: 1.92%;--awb-margin-bottom-large: 0px;--awb-spacing-left-large: 1.92%;--awb-width-medium: 100%;--awb-spacing-right-medium: 1.92%;--awb-spacing-left-medium: 1.92%;--awb-width-small: 100%;--awb-spacing-right-small: 1.92%;--awb-spacing-left-small: 1.92%\">\n<div class=\"fusion-column-wrapper fusion-flex-justify-content-flex-start fusion-content-layout-column\">\n<div class=\"fusion-text fusion-text-1\">\n<div class=\"tribe-events-single-event-description tribe-events-content entry-content description\">\n<p>Recorregut a peu per diversos paratges de Granera (aproximadament 1.30 hora) tot reconeixent plantes silvestres i els seus usos.<br \/>\nAbans de sortir cada diumenge es far\u00e0 una explicaci\u00f3 detallada de les propietats d\u2019una planta determinada i es donaran receptes on en sigui l\u2019ingredient principal.<\/p>\n<p>S\u2019entregar\u00e0 una fitxa que recollir\u00e0 la descripci\u00f3 de la planta, les propietats, els usos medicinals i gastron\u00f2mics i receptes suggerides on s\u2019utilitzi la planta. A continuaci\u00f3 es far\u00e0 una passejada per diferents indrets de Granera durant la qual es podr\u00e0 anar identificant aquesta planta i d\u2019altres, tot gaudint del paisatge i visitant camins i masies de Granera.<\/p>\n<p>Requisits activitat:<\/p>\n<p>Cal inscripci\u00f3 pr\u00e8via per whatsapp al 639 640 434. Places limitades<\/p>\n<\/div>\n<\/div>\n<\/div>\n<\/div>\n<\/div>\n<\/div>\n<\/div>\n<\/div>\n<\/div>\n<\/div>\n<\/div>","excerpt":"","slug":"passejades-trementinaires-per-granera-2","image":{"url":"https:\/\/moianesturisme.cat\/agendacultural\/wp-content\/uploads\/2024\/02\/passejades_trementinaires-e1745509549229.webp","id":14853,"extension":"webp","width":418,"height":500,"filesize":53458,"sizes":{"medium":{"width":251,"height":300,"mime-type":"image\/webp","filesize":27076,"url":"https:\/\/moianesturisme.cat\/agendacultural\/wp-content\/uploads\/2024\/02\/passejades_trementinaires-251x300.webp"},"large":{"width":855,"height":1024,"mime-type":"image\/webp","filesize":118930,"url":"https:\/\/moianesturisme.cat\/agendacultural\/wp-content\/uploads\/2024\/02\/passejades_trementinaires-855x1024.webp"},"thumbnail":{"width":150,"height":150,"mime-type":"image\/webp","filesize":10408,"url":"https:\/\/moianesturisme.cat\/agendacultural\/wp-content\/uploads\/2024\/02\/passejades_trementinaires-150x150.webp"},"medium_large":{"width":768,"height":919,"mime-type":"image\/webp","filesize":106212,"url":"https:\/\/moianesturisme.cat\/agendacultural\/wp-content\/uploads\/2024\/02\/passejades_trementinaires-768x919.webp"},"blog-large":{"width":669,"height":272,"mime-type":"image\/webp","filesize":35194,"url":"https:\/\/moianesturisme.cat\/agendacultural\/wp-content\/uploads\/2024\/02\/passejades_trementinaires-669x272.webp"},"blog-medium":{"width":320,"height":202,"mime-type":"image\/webp","filesize":22686,"url":"https:\/\/moianesturisme.cat\/agendacultural\/wp-content\/uploads\/2024\/02\/passejades_trementinaires-320x202.webp"},"recent-posts":{"width":700,"height":441,"mime-type":"image\/webp","filesize":57564,"url":"https:\/\/moianesturisme.cat\/agendacultural\/wp-content\/uploads\/2024\/02\/passejades_trementinaires-700x441.webp"},"recent-works-thumbnail":{"width":66,"height":66,"mime-type":"image\/webp","filesize":2606,"url":"https:\/\/moianesturisme.cat\/agendacultural\/wp-content\/uploads\/2024\/02\/passejades_trementinaires-66x66.webp"},"fusion-200":{"width":200,"height":239,"mime-type":"image\/webp","filesize":19524,"url":"https:\/\/moianesturisme.cat\/agendacultural\/wp-content\/uploads\/2024\/02\/passejades_trementinaires-200x239.webp"},"fusion-400":{"width":400,"height":479,"mime-type":"image\/webp","filesize":51478,"url":"https:\/\/moianesturisme.cat\/agendacultural\/wp-content\/uploads\/2024\/02\/passejades_trementinaires-400x479.webp"},"fusion-600":{"width":600,"height":718,"mime-type":"image\/webp","filesize":80856,"url":"https:\/\/moianesturisme.cat\/agendacultural\/wp-content\/uploads\/2024\/02\/passejades_trementinaires-600x718.webp"},"fusion-800":{"width":800,"height":958,"mime-type":"image\/webp","filesize":109706,"url":"https:\/\/moianesturisme.cat\/agendacultural\/wp-content\/uploads\/2024\/02\/passejades_trementinaires-800x958.webp"},"portfolio-full":{"width":940,"height":400,"mime-type":"image\/webp","filesize":52564,"url":"https:\/\/moianesturisme.cat\/agendacultural\/wp-content\/uploads\/2024\/02\/passejades_trementinaires-940x400.webp"},"portfolio-one":{"width":540,"height":272,"mime-type":"image\/webp","filesize":36692,"url":"https:\/\/moianesturisme.cat\/agendacultural\/wp-content\/uploads\/2024\/02\/passejades_trementinaires-540x272.webp"},"portfolio-two":{"width":460,"height":295,"mime-type":"image\/webp","filesize":36988,"url":"https:\/\/moianesturisme.cat\/agendacultural\/wp-content\/uploads\/2024\/02\/passejades_trementinaires-460x295.webp"},"portfolio-three":{"width":300,"height":214,"mime-type":"image\/webp","filesize":22748,"url":"https:\/\/moianesturisme.cat\/agendacultural\/wp-content\/uploads\/2024\/02\/passejades_trementinaires-300x214.webp"},"portfolio-five":{"width":177,"height":142,"mime-type":"image\/webp","filesize":10690,"url":"https:\/\/moianesturisme.cat\/agendacultural\/wp-content\/uploads\/2024\/02\/passejades_trementinaires-177x142.webp"}}},"all_day":false,"start_date":"2026-05-31 11:00:00","start_date_details":{"year":"2026","month":"05","day":"31","hour":"11","minutes":"00","seconds":"00"},"end_date":"2026-05-31 13:00:00","end_date_details":{"year":"2026","month":"05","day":"31","hour":"13","minutes":"00","seconds":"00"},"utc_start_date":"2026-05-31 08:00:00","utc_start_date_details":{"year":"2026","month":"05","day":"31","hour":"08","minutes":"00","seconds":"00"},"utc_end_date":"2026-05-31 10:00:00","utc_end_date_details":{"year":"2026","month":"05","day":"31","hour":"10","minutes":"00","seconds":"00"},"timezone":"UTC+2","timezone_abbr":"UTC+2","cost":"Free","cost_details":{"currency_symbol":"\u20ac","currency_code":"EUR","currency_position":"prefix","values":["free"]},"website":"https:\/\/parcs.diba.cat\/web\/agenda\/sant-llorenc-obac","show_map":true,"show_map_link":true,"hide_from_listings":false,"sticky":false,"featured":false,"categories":[{"name":"Cursos i tallers","slug":"cursos-i-tallers","term_group":0,"term_taxonomy_id":69,"taxonomy":"tribe_events_cat","description":"","parent":0,"count":296,"filter":"raw","id":69,"urls":{"self":"https:\/\/moianesturisme.cat\/agendacultural\/wp-json\/tribe\/events\/v1\/categories\/69","collection":"https:\/\/moianesturisme.cat\/agendacultural\/wp-json\/tribe\/events\/v1\/categories"}},{"name":"Gastronomia","slug":"gastronomia","term_group":0,"term_taxonomy_id":75,"taxonomy":"tribe_events_cat","description":"","parent":0,"count":132,"filter":"raw","id":75,"urls":{"self":"https:\/\/moianesturisme.cat\/agendacultural\/wp-json\/tribe\/events\/v1\/categories\/75","collection":"https:\/\/moianesturisme.cat\/agendacultural\/wp-json\/tribe\/events\/v1\/categories"}},{"name":"Salut","slug":"salut","term_group":0,"term_taxonomy_id":78,"taxonomy":"tribe_events_cat","description":"","parent":0,"count":126,"filter":"raw","id":78,"urls":{"self":"https:\/\/moianesturisme.cat\/agendacultural\/wp-json\/tribe\/events\/v1\/categories\/78","collection":"https:\/\/moianesturisme.cat\/agendacultural\/wp-json\/tribe\/events\/v1\/categories"}},{"name":"Turisme","slug":"turisme","term_group":0,"term_taxonomy_id":81,"taxonomy":"tribe_events_cat","description":"","parent":0,"count":19,"filter":"raw","id":81,"urls":{"self":"https:\/\/moianesturisme.cat\/agendacultural\/wp-json\/tribe\/events\/v1\/categories\/81","collection":"https:\/\/moianesturisme.cat\/agendacultural\/wp-json\/tribe\/events\/v1\/categories"}},{"name":"Visites i rutes","slug":"visites-i-rutes","term_group":0,"term_taxonomy_id":82,"taxonomy":"tribe_events_cat","description":"","parent":0,"count":61,"filter":"raw","id":82,"urls":{"self":"https:\/\/moianesturisme.cat\/agendacultural\/wp-json\/tribe\/events\/v1\/categories\/82","collection":"https:\/\/moianesturisme.cat\/agendacultural\/wp-json\/tribe\/events\/v1\/categories"}}],"tags":[],"venue":{"id":8777,"author":"15","status":"publish","date":"2023-09-08 00:18:14","date_utc":"2023-09-07 22:18:14","modified":"2023-09-08 00:18:14","modified_utc":"2023-09-07 22:18:14","url":"https:\/\/moianesturisme.cat\/agendacultural\/recinte\/punt-dinformacio-de-granera\/","venue":"Punt d&#8217;Informaci\u00f3 de Granera","slug":"punt-dinformacio-de-granera","address":"El Casal-Cam\u00ed de la Clota s\/n","city":"Granera","province":"Barcelona","zip":"08183","phone":"639640434","website":"https:\/\/parcs.diba.cat\/web\/agenda\/sant-llorenc-obac","stateprovince":"Barcelona","json_ld":{"@type":"Place","name":"Punt d&#8217;Informaci\u00f3 de Granera","description":"","url":"https:\/\/moianesturisme.cat\/agendacultural\/recinte\/punt-dinformacio-de-granera\/","address":{"@type":"PostalAddress","streetAddress":"El Casal-Cam\u00ed de la Clota s\/n","addressLocality":"Granera","addressRegion":"Barcelona","postalCode":"08183"},"telephone":"639640434","sameAs":"https:\/\/parcs.diba.cat\/web\/agenda\/sant-llorenc-obac"},"show_map":true,"show_map_link":true,"global_id":"moianesturisme.cat\/agendacultural?id=8777","global_id_lineage":["moianesturisme.cat\/agendacultural?id=8777"]},"organizer":[{"id":7601,"author":"15","status":"publish","date":"2023-07-27 00:26:51","date_utc":"2023-07-26 22:26:51","modified":"2023-07-27 00:26:51","modified_utc":"2023-07-26 22:26:51","url":"https:\/\/moianesturisme.cat\/agendacultural\/organitzador\/punt-dinformacio-de-granera-del-parc-natural-de-sant-llorenc-del-munt-i-lobac\/","organizer":"Punt d&#8217;Informaci\u00f3 de Granera del Parc Natural de Sant Lloren\u00e7 del Munt i l&#8217;Obac","slug":"punt-dinformacio-de-granera-del-parc-natural-de-sant-llorenc-del-munt-i-lobac","phone":"639640434","website":"https:\/\/parcs.diba.cat","email":"p.santllorenc.graner@diba.cat","json_ld":{"@type":"Person","name":"Punt d&#8217;Informaci\u00f3 de Granera del Parc Natural de Sant Lloren\u00e7 del Munt i l&#8217;Obac","description":"","url":"https:\/\/parcs.diba.cat","telephone":"639640434","email":"&#112;&#46;&#115;&#97;&#110;t&#108;&#108;o&#114;&#101;&#110;&#99;.&#103;&#114;an&#101;r&#64;&#100;ib&#97;&#46;&#99;&#97;&#116;","sameAs":"https:\/\/parcs.diba.cat"},"global_id":"moianesturisme.cat\/agendacultural?id=7601","global_id_lineage":["moianesturisme.cat\/agendacultural?id=7601"]},{"id":7600,"author":"15","status":"publish","date":"2023-07-27 00:26:51","date_utc":"2023-07-26 22:26:51","modified":"2023-07-27 00:26:51","modified_utc":"2023-07-26 22:26:51","url":"https:\/\/moianesturisme.cat\/agendacultural\/organitzador\/ajuntament-de-granera\/","organizer":"Ajuntament de Granera","slug":"ajuntament-de-granera","phone":"938668152","website":"https:\/\/granera.cat","email":"granera@diba.cat","json_ld":{"@type":"Person","name":"Ajuntament de Granera","description":"","url":"https:\/\/granera.cat","telephone":"938668152","email":"&#103;ra&#110;&#101;&#114;a&#64;d&#105;&#98;&#97;.cat","sameAs":"https:\/\/granera.cat"},"global_id":"moianesturisme.cat\/agendacultural?id=7600","global_id_lineage":["moianesturisme.cat\/agendacultural?id=7600"]}],"custom_fields":{"_ecp_custom_2":{"label":"Municipis","value":"Granera"},"_ecp_custom_12":{"label":"Resum","value":"Recorregut a peu per diversos paratges de Granera durant el qual coneixerem plantes silvestres i els seus usos medicinals i gastron\u00f2mics."}},"json_ld":{"@context":"http:\/\/schema.org","@type":"Event","name":"Passejades Trementinaires per Granera","description":"&lt;p&gt;Recorregut a peu per diversos paratges de Granera (aproximadament 1.30 hora) tot reconeixent plantes silvestres i els seus usos. Abans de sortir cada diumenge es far\u00e0 una explicaci\u00f3 detallada de les propietats d\u2019una planta determinada i es donaran receptes on en sigui l\u2019ingredient principal. S\u2019entregar\u00e0 una fitxa que recollir\u00e0 la descripci\u00f3 de la planta, les&lt;\/p&gt;\\n","image":"https:\/\/moianesturisme.cat\/agendacultural\/wp-content\/uploads\/2024\/02\/passejades_trementinaires-e1745509549229.webp","url":"https:\/\/moianesturisme.cat\/agendacultural\/activitat\/passejades-trementinaires-per-granera-2\/2026-05-31\/","eventAttendanceMode":"https:\/\/schema.org\/OfflineEventAttendanceMode","eventStatus":"https:\/\/schema.org\/EventScheduled","startDate":"2026-05-31T11:00:00+02:00","endDate":"2026-05-31T13:00:00+02:00","location":{"@type":"Place","name":"Punt d&#8217;Informaci\u00f3 de Granera","description":"","url":"https:\/\/moianesturisme.cat\/agendacultural\/recinte\/punt-dinformacio-de-granera\/","address":{"@type":"PostalAddress","streetAddress":"El Casal-Cam\u00ed de la Clota s\/n","addressLocality":"Granera","addressRegion":"Barcelona","postalCode":"08183"},"telephone":"639640434","sameAs":"https:\/\/parcs.diba.cat\/web\/agenda\/sant-llorenc-obac"},"organizer":{"@type":"Person","name":"Punt d&#8217;Informaci\u00f3 de Granera del Parc Natural de Sant Lloren\u00e7 del Munt i l&#8217;Obac","description":"","url":"https:\/\/parcs.diba.cat","telephone":"639640434","email":"p&#46;&#115;&#97;&#110;tl&#108;o&#114;&#101;nc.&#103;&#114;a&#110;er&#64;diba.ca&#116;","sameAs":"https:\/\/parcs.diba.cat"},"offers":{"@type":"Offer","price":"Free","priceCurrency":"EUR","url":"https:\/\/moianesturisme.cat\/agendacultural\/activitat\/passejades-trementinaires-per-granera-2\/2026-05-31\/","category":"primary","availability":"inStock","validFrom":"1970-01-01T00:00:00+00:00"},"performer":"Organization"},"is_virtual":false,"virtual_url":null,"virtual_video_source":""}