{"id":10033326,"global_id":"moianesturisme.cat\/agendacultural?id=10033326","global_id_lineage":["moianesturisme.cat\/agendacultural?id=10033326"],"author":"2","status":"publish","date":"2026-01-22 16:51:55","date_utc":"2026-01-22 14:51:55","modified":"2026-01-22 16:51:55","modified_utc":"2026-01-22 14:51:55","url":"https:\/\/moianesturisme.cat\/agendacultural\/activitat\/taller-de-pessebres-artistics\/2026-05-04\/","rest_url":"https:\/\/moianesturisme.cat\/agendacultural\/wp-json\/tribe\/events\/v1\/events\/10033326","title":"Taller de Pessebres Art\u00edstics","description":"<ul>\n<li>Places limitades<\/li>\n<li>Cal inscripci\u00f3 pr\u00e8via<\/li>\n<li>A partir de 14 anys<\/li>\n<li>M\u00e9s informaci\u00f3 i inscripcions: 621 239 002\n<p>Organitza: Ajuntament de Monistrol de Calders<br \/>\nCol\u00b7laboren: Diputaci\u00f3 de Barcelona i Agrupaci\u00f3 de Pessebristes de Sabadell<\/li>\n<\/ul>","excerpt":"","slug":"taller-de-pessebres-artistics","image":{"url":"https:\/\/moianesturisme.cat\/agendacultural\/wp-content\/uploads\/2026\/01\/619734640_17940350334109625_4183833190768832168_n-e1769093485647.jpg","id":17943,"extension":"jpg","width":500,"height":667,"filesize":93629,"sizes":{"medium":{"width":225,"height":300,"mime-type":"image\/jpeg","filesize":27569,"url":"https:\/\/moianesturisme.cat\/agendacultural\/wp-content\/uploads\/2026\/01\/619734640_17940350334109625_4183833190768832168_n-225x300.jpg"},"large":{"width":768,"height":1024,"mime-type":"image\/jpeg","filesize":167611,"url":"https:\/\/moianesturisme.cat\/agendacultural\/wp-content\/uploads\/2026\/01\/619734640_17940350334109625_4183833190768832168_n-768x1024.jpg"},"thumbnail":{"width":150,"height":150,"mime-type":"image\/jpeg","filesize":10982,"url":"https:\/\/moianesturisme.cat\/agendacultural\/wp-content\/uploads\/2026\/01\/619734640_17940350334109625_4183833190768832168_n-150x150.jpg"},"medium_large":{"width":768,"height":1024,"mime-type":"image\/jpeg","filesize":167611,"url":"https:\/\/moianesturisme.cat\/agendacultural\/wp-content\/uploads\/2026\/01\/619734640_17940350334109625_4183833190768832168_n-768x1024.jpg"},"blog-large":{"width":669,"height":272,"mime-type":"image\/jpeg","filesize":48404,"url":"https:\/\/moianesturisme.cat\/agendacultural\/wp-content\/uploads\/2026\/01\/619734640_17940350334109625_4183833190768832168_n-669x272.jpg"},"blog-medium":{"width":320,"height":202,"mime-type":"image\/jpeg","filesize":23001,"url":"https:\/\/moianesturisme.cat\/agendacultural\/wp-content\/uploads\/2026\/01\/619734640_17940350334109625_4183833190768832168_n-320x202.jpg"},"recent-posts":{"width":700,"height":441,"mime-type":"image\/jpeg","filesize":74561,"url":"https:\/\/moianesturisme.cat\/agendacultural\/wp-content\/uploads\/2026\/01\/619734640_17940350334109625_4183833190768832168_n-700x441.jpg"},"recent-works-thumbnail":{"width":66,"height":66,"mime-type":"image\/jpeg","filesize":3335,"url":"https:\/\/moianesturisme.cat\/agendacultural\/wp-content\/uploads\/2026\/01\/619734640_17940350334109625_4183833190768832168_n-66x66.jpg"},"fusion-200":{"width":200,"height":267,"mime-type":"image\/jpeg","filesize":22494,"url":"https:\/\/moianesturisme.cat\/agendacultural\/wp-content\/uploads\/2026\/01\/619734640_17940350334109625_4183833190768832168_n-200x267.jpg"},"fusion-400":{"width":400,"height":533,"mime-type":"image\/jpeg","filesize":66220,"url":"https:\/\/moianesturisme.cat\/agendacultural\/wp-content\/uploads\/2026\/01\/619734640_17940350334109625_4183833190768832168_n-400x533.jpg"},"fusion-600":{"width":600,"height":800,"mime-type":"image\/jpeg","filesize":119907,"url":"https:\/\/moianesturisme.cat\/agendacultural\/wp-content\/uploads\/2026\/01\/619734640_17940350334109625_4183833190768832168_n-600x800.jpg"},"fusion-800":{"width":800,"height":1067,"mime-type":"image\/jpeg","filesize":177192,"url":"https:\/\/moianesturisme.cat\/agendacultural\/wp-content\/uploads\/2026\/01\/619734640_17940350334109625_4183833190768832168_n-800x1067.jpg"},"portfolio-full":{"width":940,"height":400,"mime-type":"image\/jpeg","filesize":82279,"url":"https:\/\/moianesturisme.cat\/agendacultural\/wp-content\/uploads\/2026\/01\/619734640_17940350334109625_4183833190768832168_n-940x400.jpg"},"portfolio-one":{"width":540,"height":272,"mime-type":"image\/jpeg","filesize":43770,"url":"https:\/\/moianesturisme.cat\/agendacultural\/wp-content\/uploads\/2026\/01\/619734640_17940350334109625_4183833190768832168_n-540x272.jpg"},"portfolio-two":{"width":460,"height":295,"mime-type":"image\/jpeg","filesize":41172,"url":"https:\/\/moianesturisme.cat\/agendacultural\/wp-content\/uploads\/2026\/01\/619734640_17940350334109625_4183833190768832168_n-460x295.jpg"},"portfolio-three":{"width":300,"height":214,"mime-type":"image\/jpeg","filesize":24084,"url":"https:\/\/moianesturisme.cat\/agendacultural\/wp-content\/uploads\/2026\/01\/619734640_17940350334109625_4183833190768832168_n-300x214.jpg"},"portfolio-five":{"width":177,"height":142,"mime-type":"image\/jpeg","filesize":11574,"url":"https:\/\/moianesturisme.cat\/agendacultural\/wp-content\/uploads\/2026\/01\/619734640_17940350334109625_4183833190768832168_n-177x142.jpg"}}},"all_day":false,"start_date":"2026-05-04 17:00:00","start_date_details":{"year":"2026","month":"05","day":"04","hour":"17","minutes":"00","seconds":"00"},"end_date":"2026-05-04 19:00:00","end_date_details":{"year":"2026","month":"05","day":"04","hour":"19","minutes":"00","seconds":"00"},"utc_start_date":"2026-05-04 14:00:00","utc_start_date_details":{"year":"2026","month":"05","day":"04","hour":"14","minutes":"00","seconds":"00"},"utc_end_date":"2026-05-04 16:00:00","utc_end_date_details":{"year":"2026","month":"05","day":"04","hour":"16","minutes":"00","seconds":"00"},"timezone":"UTC+2","timezone_abbr":"UTC+2","cost":"GRATU\u00cfT","cost_details":{"currency_symbol":"\u20ac","currency_code":"EUR","currency_position":"prefix","values":["gratuit"]},"website":"","show_map":true,"show_map_link":true,"hide_from_listings":false,"sticky":false,"featured":false,"categories":[{"name":"Cursos i tallers","slug":"cursos-i-tallers","term_group":0,"term_taxonomy_id":69,"taxonomy":"tribe_events_cat","description":"","parent":0,"count":296,"filter":"raw","id":69,"urls":{"self":"https:\/\/moianesturisme.cat\/agendacultural\/wp-json\/tribe\/events\/v1\/categories\/69","collection":"https:\/\/moianesturisme.cat\/agendacultural\/wp-json\/tribe\/events\/v1\/categories"}}],"tags":[],"venue":{"id":11431,"author":"2","status":"publish","date":"2024-06-21 14:25:11","date_utc":"2024-06-21 12:25:11","modified":"2024-06-21 14:25:11","modified_utc":"2024-06-21 12:25:11","url":"https:\/\/moianesturisme.cat\/agendacultural\/recinte\/casal-lespiga-2\/","venue":"Casal l&#8217;Espiga","slug":"casal-lespiga-2","country":"Espanya","json_ld":{"@type":"Place","name":"Casal l&#8217;Espiga","description":"","url":"https:\/\/moianesturisme.cat\/agendacultural\/recinte\/casal-lespiga-2\/","address":{"@type":"PostalAddress","addressCountry":"Espanya"},"telephone":"","sameAs":""},"show_map":true,"show_map_link":true,"global_id":"moianesturisme.cat\/agendacultural?id=11431","global_id_lineage":["moianesturisme.cat\/agendacultural?id=11431"]},"organizer":[{"id":8092,"author":"2","status":"publish","date":"2023-08-11 08:38:57","date_utc":"2023-08-11 06:38:57","modified":"2023-08-11 08:38:57","modified_utc":"2023-08-11 06:38:57","url":"https:\/\/moianesturisme.cat\/agendacultural\/organitzador\/ajuntament-de-monistrol-de-calders\/","organizer":"Ajuntament de Monistrol de Calders","slug":"ajuntament-de-monistrol-de-calders","phone":"938399000","website":"https:\/\/www.monistroldecalders.cat","email":"monistrolc@monistroldecalders.cat","json_ld":{"@type":"Person","name":"Ajuntament de Monistrol de Calders","description":"","url":"https:\/\/www.monistroldecalders.cat","telephone":"938399000","email":"m&#111;&#110;istr&#111;&#108;c&#64;&#109;o&#110;ist&#114;oldec&#97;ld&#101;&#114;s&#46;c&#97;&#116;","sameAs":"https:\/\/www.monistroldecalders.cat"},"global_id":"moianesturisme.cat\/agendacultural?id=8092","global_id_lineage":["moianesturisme.cat\/agendacultural?id=8092"]}],"custom_fields":{"_ecp_custom_2":{"label":"Municipis","value":"Monistrol de Calders"},"_ecp_custom_12":{"label":"Resum","value":"Taller a c\u00e0rrec de Joan Carles Capdevila, de l\u2019Agrupaci\u00f3 de Pessebristes de Sabadell"}},"json_ld":{"@context":"http:\/\/schema.org","@type":"Event","name":"Taller de Pessebres Art\u00edstics","description":"&lt;p&gt;Places limitades Cal inscripci\u00f3 pr\u00e8via A partir de 14 anys M\u00e9s informaci\u00f3 i inscripcions: 621 239 002 Organitza: Ajuntament de Monistrol de Calders Col\u00b7laboren: Diputaci\u00f3 de Barcelona i Agrupaci\u00f3 de Pessebristes de Sabadell&lt;\/p&gt;\\n","image":"https:\/\/moianesturisme.cat\/agendacultural\/wp-content\/uploads\/2026\/01\/619734640_17940350334109625_4183833190768832168_n-e1769093485647.jpg","url":"https:\/\/moianesturisme.cat\/agendacultural\/activitat\/taller-de-pessebres-artistics\/2026-05-04\/","eventAttendanceMode":"https:\/\/schema.org\/OfflineEventAttendanceMode","eventStatus":"https:\/\/schema.org\/EventScheduled","startDate":"2026-05-04T17:00:00+02:00","endDate":"2026-05-04T19:00:00+02:00","location":{"@type":"Place","name":"Casal l&#8217;Espiga","description":"","url":"https:\/\/moianesturisme.cat\/agendacultural\/recinte\/casal-lespiga-2\/","address":{"@type":"PostalAddress","addressCountry":"Espanya"},"telephone":"","sameAs":""},"organizer":{"@type":"Person","name":"Ajuntament de Monistrol de Calders","description":"","url":"https:\/\/www.monistroldecalders.cat","telephone":"938399000","email":"m&#111;&#110;is&#116;&#114;&#111;&#108;&#99;&#64;&#109;&#111;n&#105;str&#111;&#108;&#100;e&#99;al&#100;&#101;rs.c&#97;&#116;","sameAs":"https:\/\/www.monistroldecalders.cat"},"offers":{"@type":"Offer","price":"GRATU\u00cfT","priceCurrency":"EUR","url":"https:\/\/moianesturisme.cat\/agendacultural\/activitat\/taller-de-pessebres-artistics\/2026-05-04\/","category":"primary","availability":"inStock","validFrom":"1970-01-01T00:00:00+00:00"},"performer":"Organization"},"is_virtual":false,"virtual_url":null,"virtual_video_source":""}