{"id":10009613,"global_id":"moianesturisme.cat\/agendacultural?id=10009613","global_id_lineage":["moianesturisme.cat\/agendacultural?id=10009613"],"author":"2","status":"publish","date":"2025-01-23 11:43:58","date_utc":"2025-01-23 09:43:58","modified":"2025-05-20 10:47:04","modified_utc":"2025-05-20 08:47:04","url":"https:\/\/moianesturisme.cat\/agendacultural\/activitat\/vibra-servei-dacompanyament-per-a-joves-al-moianes\/2026-05-25\/","rest_url":"https:\/\/moianesturisme.cat\/agendacultural\/wp-json\/tribe\/events\/v1\/events\/10009613","title":"VIBRA &#8211; Servei d\u2019Acompanyament per a Joves al Moian\u00e8s","description":"<div class=\"fusion-fullwidth fullwidth-box fusion-builder-row-1 fusion-flex-container has-pattern-background has-mask-background nonhundred-percent-fullwidth non-hundred-percent-height-scrolling\" style=\"--awb-border-radius-top-left:0px;--awb-border-radius-top-right:0px;--awb-border-radius-bottom-right:0px;--awb-border-radius-bottom-left:0px;--awb-flex-wrap:wrap;\" ><div class=\"fusion-builder-row fusion-row fusion-flex-align-items-flex-start fusion-flex-content-wrap\" style=\"max-width:1216.8px;margin-left: calc(-4% \/ 2 );margin-right: calc(-4% \/ 2 );\"><div class=\"fusion-layout-column fusion_builder_column fusion-builder-column-0 fusion_builder_column_1_1 1_1 fusion-flex-column\" style=\"--awb-bg-size:cover;--awb-width-large:100%;--awb-margin-top-large:0px;--awb-spacing-right-large:1.92%;--awb-margin-bottom-large:20px;--awb-spacing-left-large:1.92%;--awb-width-medium:100%;--awb-order-medium:0;--awb-spacing-right-medium:1.92%;--awb-spacing-left-medium:1.92%;--awb-width-small:100%;--awb-order-small:0;--awb-spacing-right-small:1.92%;--awb-spacing-left-small:1.92%;\"><div class=\"fusion-column-wrapper fusion-column-has-shadow fusion-flex-justify-content-flex-start fusion-content-layout-column\"><div class=\"fusion-text fusion-text-1\"><p>Des del Consell Comarcal del Moian\u00e8s, iniciem el nou <strong><u>SERVEI VIBRA: D\u2019ACOMPANYAMENT A JOVES DE 12 A 35 ANYS<\/u><\/strong>.<\/p>\n<p>VIBRA MOIAN\u00c8S pret\u00e9n ser un servei que ofereixi informaci\u00f3, orientaci\u00f3 i acompanyament a adolescents i joves i les seves fam\u00edlies, aix\u00ed com a professionals que intervinguin amb el col\u00b7lectiu jove a la comarca, sobre els seg\u00fcents temes vinculats a l\u2019\u00e0mbit de la salut: consum de drogues, \u00fas de pantalles, sexualitat-afectivitat, identitat de g\u00e8nere, pressi\u00f3 est\u00e8tica i autoestima. En general, per\u00f2, s\u2019atendr\u00e0 qualsevol malestar o inquietud que pugui sentir el o la jove i, en cas necessari, se\u2019l derivar\u00e0 a altres serveis m\u00e9s especialitzats.<\/p>\n<p>Ser\u00e0 un servei vinculat a l\u2019Oficina Jove del Moian\u00e8s, itinerant i descentralitzat als deu municipis de la comarca. Es realitzaran tant assessoraments individuals a tots els municipis, com tallers grupals i actuacions de promoci\u00f3 de la salut en l\u2019\u00e0mbit comunitari.<\/p>\n<p><strong><u>\u00a0<\/u><\/strong><\/p>\n<p>Els i les joves, fam\u00edlies i professionals poden <strong>demanar hora directament via WhatsApp o trucada al tel\u00e8fon: 663 72 55 43.<\/strong><\/p>\n<p>Es resoldran consultes via WhatsApp, i es faran atencions tant presencials com per videotrucada si la persona ho prefereix.<\/p>\n<p>Ens podeu seguir a l\u2019Instagram: <a href=\"https:\/\/www.instagram.com\/vibra.moianes\/\" target=\"_blank\" rel=\"noopener\"><strong>@vibra.moianes <\/strong><\/a><\/p>\n<\/div><\/div><\/div><\/div><\/div>","excerpt":"","slug":"vibra-servei-dacompanyament-per-a-joves-al-moianes","image":{"url":"https:\/\/moianesturisme.cat\/agendacultural\/wp-content\/uploads\/2025\/01\/a3_tot_vibra-01-scaled-e1747730775242.webp","id":14253,"extension":"webp","width":500,"height":707,"filesize":55082,"sizes":{"medium":{"width":212,"height":300,"mime-type":"image\/webp","filesize":15210,"url":"https:\/\/moianesturisme.cat\/agendacultural\/wp-content\/uploads\/2025\/01\/a3_tot_vibra-01-212x300.webp"},"large":{"width":724,"height":1024,"mime-type":"image\/webp","filesize":92546,"url":"https:\/\/moianesturisme.cat\/agendacultural\/wp-content\/uploads\/2025\/01\/a3_tot_vibra-01-724x1024.webp"},"thumbnail":{"width":150,"height":150,"mime-type":"image\/webp","filesize":6680,"url":"https:\/\/moianesturisme.cat\/agendacultural\/wp-content\/uploads\/2025\/01\/a3_tot_vibra-01-150x150.webp"},"medium_large":{"width":768,"height":1086,"mime-type":"image\/webp","filesize":99830,"url":"https:\/\/moianesturisme.cat\/agendacultural\/wp-content\/uploads\/2025\/01\/a3_tot_vibra-01-768x1086.webp"},"1536x1536":{"width":1086,"height":1536,"mime-type":"image\/webp","filesize":149612,"url":"https:\/\/moianesturisme.cat\/agendacultural\/wp-content\/uploads\/2025\/01\/a3_tot_vibra-01-1086x1536.webp"},"2048x2048":{"width":1448,"height":2048,"mime-type":"image\/webp","filesize":213118,"url":"https:\/\/moianesturisme.cat\/agendacultural\/wp-content\/uploads\/2025\/01\/a3_tot_vibra-01-1448x2048.webp"},"blog-large":{"width":669,"height":272,"mime-type":"image\/webp","filesize":23744,"url":"https:\/\/moianesturisme.cat\/agendacultural\/wp-content\/uploads\/2025\/01\/a3_tot_vibra-01-669x272.webp"},"blog-medium":{"width":320,"height":202,"mime-type":"image\/webp","filesize":14828,"url":"https:\/\/moianesturisme.cat\/agendacultural\/wp-content\/uploads\/2025\/01\/a3_tot_vibra-01-320x202.webp"},"recent-posts":{"width":700,"height":441,"mime-type":"image\/webp","filesize":43604,"url":"https:\/\/moianesturisme.cat\/agendacultural\/wp-content\/uploads\/2025\/01\/a3_tot_vibra-01-700x441.webp"},"recent-works-thumbnail":{"width":66,"height":66,"mime-type":"image\/webp","filesize":1724,"url":"https:\/\/moianesturisme.cat\/agendacultural\/wp-content\/uploads\/2025\/01\/a3_tot_vibra-01-66x66.webp"},"fusion-200":{"width":200,"height":283,"mime-type":"image\/webp","filesize":14670,"url":"https:\/\/moianesturisme.cat\/agendacultural\/wp-content\/uploads\/2025\/01\/a3_tot_vibra-01-200x283.webp"},"fusion-400":{"width":400,"height":566,"mime-type":"image\/webp","filesize":41158,"url":"https:\/\/moianesturisme.cat\/agendacultural\/wp-content\/uploads\/2025\/01\/a3_tot_vibra-01-400x566.webp"},"fusion-600":{"width":600,"height":849,"mime-type":"image\/webp","filesize":71716,"url":"https:\/\/moianesturisme.cat\/agendacultural\/wp-content\/uploads\/2025\/01\/a3_tot_vibra-01-600x849.webp"},"fusion-800":{"width":800,"height":1131,"mime-type":"image\/webp","filesize":103086,"url":"https:\/\/moianesturisme.cat\/agendacultural\/wp-content\/uploads\/2025\/01\/a3_tot_vibra-01-800x1131.webp"},"fusion-1200":{"width":1200,"height":1697,"mime-type":"image\/webp","filesize":172172,"url":"https:\/\/moianesturisme.cat\/agendacultural\/wp-content\/uploads\/2025\/01\/a3_tot_vibra-01-1200x1697.webp"},"portfolio-full":{"width":940,"height":1329,"mime-type":"image\/webp","filesize":127292,"url":"https:\/\/moianesturisme.cat\/agendacultural\/wp-content\/uploads\/2025\/01\/a3_tot_vibra-01-940x1329.webp"},"portfolio-one":{"width":540,"height":764,"mime-type":"image\/webp","filesize":62682,"url":"https:\/\/moianesturisme.cat\/agendacultural\/wp-content\/uploads\/2025\/01\/a3_tot_vibra-01-540x764.webp"},"portfolio-two":{"width":460,"height":651,"mime-type":"image\/webp","filesize":49664,"url":"https:\/\/moianesturisme.cat\/agendacultural\/wp-content\/uploads\/2025\/01\/a3_tot_vibra-01-460x651.webp"},"portfolio-three":{"width":300,"height":424,"mime-type":"image\/webp","filesize":26460,"url":"https:\/\/moianesturisme.cat\/agendacultural\/wp-content\/uploads\/2025\/01\/a3_tot_vibra-01-300x424.webp"},"portfolio-five":{"width":177,"height":250,"mime-type":"image\/webp","filesize":11598,"url":"https:\/\/moianesturisme.cat\/agendacultural\/wp-content\/uploads\/2025\/01\/a3_tot_vibra-01-177x250.webp"}},"original_image":"a3_tot_vibra-01.webp"},"all_day":true,"start_date":"2026-05-25 00:00:00","start_date_details":{"year":"2026","month":"05","day":"25","hour":"00","minutes":"00","seconds":"00"},"end_date":"2026-05-25 23:59:59","end_date_details":{"year":"2026","month":"05","day":"25","hour":"23","minutes":"59","seconds":"59"},"utc_start_date":"2026-05-24 21:00:00","utc_start_date_details":{"year":"2026","month":"05","day":"24","hour":"21","minutes":"00","seconds":"00"},"utc_end_date":"2026-05-25 20:59:59","utc_end_date_details":{"year":"2026","month":"05","day":"25","hour":"20","minutes":"59","seconds":"59"},"timezone":"UTC+2","timezone_abbr":"UTC+2","cost":"GRATU\u00cfT","cost_details":{"currency_symbol":"\u20ac","currency_code":"EUR","currency_position":"prefix","values":["gratuit"]},"website":"","show_map":true,"show_map_link":true,"hide_from_listings":false,"sticky":false,"featured":false,"categories":[{"name":"Activitats peri\u00f2diques","slug":"activitats-periodiques","term_group":0,"term_taxonomy_id":87,"taxonomy":"tribe_events_cat","description":"","parent":0,"count":98,"filter":"raw","id":87,"urls":{"self":"https:\/\/moianesturisme.cat\/agendacultural\/wp-json\/tribe\/events\/v1\/categories\/87","collection":"https:\/\/moianesturisme.cat\/agendacultural\/wp-json\/tribe\/events\/v1\/categories"}},{"name":"Salut","slug":"salut","term_group":0,"term_taxonomy_id":78,"taxonomy":"tribe_events_cat","description":"","parent":0,"count":126,"filter":"raw","id":78,"urls":{"self":"https:\/\/moianesturisme.cat\/agendacultural\/wp-json\/tribe\/events\/v1\/categories\/78","collection":"https:\/\/moianesturisme.cat\/agendacultural\/wp-json\/tribe\/events\/v1\/categories"}}],"tags":[],"venue":{"id":13114,"author":"2","status":"publish","date":"2024-09-11 11:03:17","date_utc":"2024-09-11 09:03:17","modified":"2024-09-11 11:03:17","modified_utc":"2024-09-11 09:03:17","url":"https:\/\/moianesturisme.cat\/agendacultural\/recinte\/consell-comarcal-del-moianes\/","venue":"Consell Comarcal del Moian\u00e8s","slug":"consell-comarcal-del-moianes","address":"c\/ Joies, 11-13","city":"Moi\u00e0","province":"Barcelona","zip":"08180","phone":"938301418","website":"https:\/\/www.ccmoianes.cat","stateprovince":"Barcelona","json_ld":{"@type":"Place","name":"Consell Comarcal del Moian\u00e8s","description":"","url":"https:\/\/moianesturisme.cat\/agendacultural\/recinte\/consell-comarcal-del-moianes\/","address":{"@type":"PostalAddress","streetAddress":"c\/ Joies, 11-13","addressLocality":"Moi\u00e0","addressRegion":"Barcelona","postalCode":"08180"},"telephone":"938301418","sameAs":"https:\/\/www.ccmoianes.cat"},"show_map":false,"show_map_link":false,"global_id":"moianesturisme.cat\/agendacultural?id=13114","global_id_lineage":["moianesturisme.cat\/agendacultural?id=13114"]},"organizer":[{"id":7168,"author":"2","status":"publish","date":"2023-07-20 10:24:53","date_utc":"2023-07-20 08:24:53","modified":"2023-07-20 10:24:53","modified_utc":"2023-07-20 08:24:53","url":"https:\/\/moianesturisme.cat\/agendacultural\/organitzador\/consell-comarcal-del-moianes\/","organizer":"Consell Comarcal del Moian\u00e8s","slug":"consell-comarcal-del-moianes","phone":"93 820 80 00","website":"https:\/\/www.ccmoianes.cat","email":"ccmn.cultura@ccmoianes.cat","json_ld":{"@type":"Person","name":"Consell Comarcal del Moian\u00e8s","description":"","url":"https:\/\/www.ccmoianes.cat","telephone":"93 820 80 00","email":"&#99;&#99;m&#110;&#46;cult&#117;r&#97;&#64;c&#99;moia&#110;es.c&#97;&#116;","sameAs":"https:\/\/www.ccmoianes.cat"},"global_id":"moianesturisme.cat\/agendacultural?id=7168","global_id_lineage":["moianesturisme.cat\/agendacultural?id=7168"]}],"custom_fields":{"_ecp_custom_2":{"label":"Municipis","value":"\u00c0mbit comarcal Moian\u00e8s"},"_ecp_custom_12":{"label":"Resum","value":"Acompanyament a joves de 12 a 35 anys"}},"json_ld":{"@context":"http:\/\/schema.org","@type":"Event","name":"VIBRA &#8211; Servei d\u2019Acompanyament per a Joves al Moian\u00e8s","description":"&lt;p&gt;Des del Consell Comarcal del Moian\u00e8s, iniciem el nou SERVEI VIBRA: D\u2019ACOMPANYAMENT A JOVES DE 12 A 35 ANYS. VIBRA MOIAN\u00c8S pret\u00e9n ser un servei que ofereixi informaci\u00f3, orientaci\u00f3 i acompanyament a adolescents i joves i les seves fam\u00edlies, aix\u00ed com a professionals que intervinguin amb el col\u00b7lectiu jove a la comarca, sobre els seg\u00fcents&lt;\/p&gt;\\n","image":"https:\/\/moianesturisme.cat\/agendacultural\/wp-content\/uploads\/2025\/01\/a3_tot_vibra-01-scaled-e1747730775242.webp","url":"https:\/\/moianesturisme.cat\/agendacultural\/activitat\/vibra-servei-dacompanyament-per-a-joves-al-moianes\/2026-05-25\/","eventAttendanceMode":"https:\/\/schema.org\/OfflineEventAttendanceMode","eventStatus":"https:\/\/schema.org\/EventScheduled","startDate":"2026-05-25T00:00:00+02:00","endDate":"2026-05-25T23:59:59+02:00","location":{"@type":"Place","name":"Consell Comarcal del Moian\u00e8s","description":"","url":"https:\/\/moianesturisme.cat\/agendacultural\/recinte\/consell-comarcal-del-moianes\/","address":{"@type":"PostalAddress","streetAddress":"c\/ Joies, 11-13","addressLocality":"Moi\u00e0","addressRegion":"Barcelona","postalCode":"08180"},"telephone":"938301418","sameAs":"https:\/\/www.ccmoianes.cat"},"organizer":{"@type":"Person","name":"Consell Comarcal del Moian\u00e8s","description":"","url":"https:\/\/www.ccmoianes.cat","telephone":"93 820 80 00","email":"&#99;&#99;&#109;n.&#99;ul&#116;&#117;ra&#64;c&#99;mo&#105;&#97;n&#101;s&#46;c&#97;t","sameAs":"https:\/\/www.ccmoianes.cat"},"offers":{"@type":"Offer","price":"GRATU\u00cfT","priceCurrency":"EUR","url":"https:\/\/moianesturisme.cat\/agendacultural\/activitat\/vibra-servei-dacompanyament-per-a-joves-al-moianes\/2026-05-25\/","category":"primary","availability":"inStock","validFrom":"1970-01-01T00:00:00+00:00"},"performer":"Organization"},"is_virtual":false,"virtual_url":null,"virtual_video_source":""}