{"id":10008792,"global_id":"moianesturisme.cat\/agendacultural?id=10008792","global_id_lineage":["moianesturisme.cat\/agendacultural?id=10008792"],"author":"2","status":"publish","date":"2024-11-18 18:52:40","date_utc":"2024-11-18 16:52:40","modified":"2024-11-18 18:52:40","modified_utc":"2024-11-18 16:52:40","url":"https:\/\/moianesturisme.cat\/agendacultural\/activitat\/exposicio-memoria-fotografica\/2024-11-27\/","rest_url":"https:\/\/moianesturisme.cat\/agendacultural\/wp-json\/tribe\/events\/v1\/events\/10008792","title":"Exposici\u00f3 &#8220;Mem\u00f2ria Fotogr\u00e0fica&#8221;","description":"<div class=\"fusion-fullwidth fullwidth-box fusion-builder-row-1 fusion-flex-container has-pattern-background has-mask-background nonhundred-percent-fullwidth non-hundred-percent-height-scrolling\" style=\"--awb-border-radius-top-left:0px;--awb-border-radius-top-right:0px;--awb-border-radius-bottom-right:0px;--awb-border-radius-bottom-left:0px;--awb-flex-wrap:wrap;\" ><div class=\"fusion-builder-row fusion-row fusion-flex-align-items-flex-start fusion-flex-content-wrap\" style=\"max-width:1216.8px;margin-left: calc(-4% \/ 2 );margin-right: calc(-4% \/ 2 );\"><div class=\"fusion-layout-column fusion_builder_column fusion-builder-column-0 fusion_builder_column_1_1 1_1 fusion-flex-column\" style=\"--awb-bg-size:cover;--awb-width-large:100%;--awb-margin-top-large:0px;--awb-spacing-right-large:1.92%;--awb-margin-bottom-large:20px;--awb-spacing-left-large:1.92%;--awb-width-medium:100%;--awb-order-medium:0;--awb-spacing-right-medium:1.92%;--awb-spacing-left-medium:1.92%;--awb-width-small:100%;--awb-order-small:0;--awb-spacing-right-small:1.92%;--awb-spacing-left-small:1.92%;\"><div class=\"fusion-column-wrapper fusion-column-has-shadow fusion-flex-justify-content-flex-start fusion-content-layout-column\"><div class=\"fusion-text fusion-text-1\"><p>Horaris:<br \/>\n\u00b7 23 de novembre: Inauguraci\u00f3 (despr\u00e9s de la presentaci\u00f3 del llibre &#8220;Les Degollades de Folgueroles&#8221;<br \/>\n\u00b7 24 de novembre: d&#8217;11.00h a 13.00h<br \/>\n\u00b7 25, 27, 28 i 29 de novembre: de 16.00h a 19.00h<br \/>\n\u00b7 30 de novembre: d&#8217;11.00h a 13.00h i de 17.00h a 19.00h<br \/>\n\u00b7 1 de desembre: d&#8217;11.0h a 13.00h<\/p>\n<\/div><\/div><\/div><\/div><\/div>","excerpt":"","slug":"exposicio-memoria-fotografica","image":false,"all_day":false,"start_date":"2024-11-27 16:00:00","start_date_details":{"year":"2024","month":"11","day":"27","hour":"16","minutes":"00","seconds":"00"},"end_date":"2024-11-27 19:00:00","end_date_details":{"year":"2024","month":"11","day":"27","hour":"19","minutes":"00","seconds":"00"},"utc_start_date":"2024-11-27 14:00:00","utc_start_date_details":{"year":"2024","month":"11","day":"27","hour":"14","minutes":"00","seconds":"00"},"utc_end_date":"2024-11-27 17:00:00","utc_end_date_details":{"year":"2024","month":"11","day":"27","hour":"17","minutes":"00","seconds":"00"},"timezone":"UTC+2","timezone_abbr":"UTC+2","cost":"","cost_details":{"currency_symbol":"\u20ac","currency_code":"EUR","currency_position":"prefix","values":[]},"website":"","show_map":true,"show_map_link":true,"hide_from_listings":false,"sticky":false,"featured":false,"categories":[{"name":"Arts visuals i pl\u00e0stiques","slug":"arts-visuals-i-plastiques","term_group":0,"term_taxonomy_id":86,"taxonomy":"tribe_events_cat","description":"","parent":0,"count":112,"filter":"raw","id":86,"urls":{"self":"https:\/\/moianesturisme.cat\/agendacultural\/wp-json\/tribe\/events\/v1\/categories\/86","collection":"https:\/\/moianesturisme.cat\/agendacultural\/wp-json\/tribe\/events\/v1\/categories"}},{"name":"Exposicions","slug":"exposicions","term_group":0,"term_taxonomy_id":73,"taxonomy":"tribe_events_cat","description":"","parent":0,"count":81,"filter":"raw","id":73,"urls":{"self":"https:\/\/moianesturisme.cat\/agendacultural\/wp-json\/tribe\/events\/v1\/categories\/73","collection":"https:\/\/moianesturisme.cat\/agendacultural\/wp-json\/tribe\/events\/v1\/categories"}},{"name":"Fotografia","slug":"fotografia","term_group":0,"term_taxonomy_id":170,"taxonomy":"tribe_events_cat","description":"","parent":0,"count":5,"filter":"raw","id":170,"urls":{"self":"https:\/\/moianesturisme.cat\/agendacultural\/wp-json\/tribe\/events\/v1\/categories\/170","collection":"https:\/\/moianesturisme.cat\/agendacultural\/wp-json\/tribe\/events\/v1\/categories"}}],"tags":[],"venue":{"id":7201,"author":"2","status":"publish","date":"2023-07-20 12:53:24","date_utc":"2023-07-20 10:53:24","modified":"2023-07-20 12:53:24","modified_utc":"2023-07-20 10:53:24","url":"https:\/\/moianesturisme.cat\/agendacultural\/recinte\/placa-major-calders\/","venue":"Pla\u00e7a Major Calders","slug":"placa-major-calders","address":"Pla\u00e7a Major","city":"Calders","province":"Barcelona","zip":"08275","stateprovince":"Barcelona","json_ld":{"@type":"Place","name":"Pla\u00e7a Major Calders","description":"","url":"https:\/\/moianesturisme.cat\/agendacultural\/recinte\/placa-major-calders\/","address":{"@type":"PostalAddress","streetAddress":"Pla\u00e7a Major","addressLocality":"Calders","addressRegion":"Barcelona","postalCode":"08275"},"telephone":"","sameAs":""},"show_map":true,"show_map_link":true,"global_id":"moianesturisme.cat\/agendacultural?id=7201","global_id_lineage":["moianesturisme.cat\/agendacultural?id=7201"]},"organizer":[{"id":9477,"author":"22","status":"publish","date":"2023-11-13 19:32:12","date_utc":"2023-11-13 17:32:12","modified":"2023-11-13 19:32:12","modified_utc":"2023-11-13 17:32:12","url":"https:\/\/moianesturisme.cat\/agendacultural\/organitzador\/associacio-cultural-de-la-dona-de-calders\/","organizer":"Associaci\u00f3 Cultural de la Dona de Calders","slug":"associacio-cultural-de-la-dona-de-calders","json_ld":{"@type":"Person","name":"Associaci\u00f3 Cultural de la Dona de Calders","description":"","url":"","telephone":"","email":"","sameAs":""},"global_id":"moianesturisme.cat\/agendacultural?id=9477","global_id_lineage":["moianesturisme.cat\/agendacultural?id=9477"]}],"custom_fields":{"_ecp_custom_2":{"label":"Municipis","value":"Calders"},"_ecp_custom_12":{"label":"Resum","value":"Exposici\u00f3: \"Mem\u00f2ria Fotogr\u00e0fica\" dels 25 anys de l'Associaci\u00f3 Cultural de la Dona de Calders.\r\nDel 23 de novembre a l'1 de desembre al Casal Social de Calders."}},"json_ld":{"@context":"http:\/\/schema.org","@type":"Event","name":"Exposici\u00f3 &#8220;Mem\u00f2ria Fotogr\u00e0fica&#8221;","description":"&lt;p&gt;Horaris: \u00b7 23 de novembre: Inauguraci\u00f3 (despr\u00e9s de la presentaci\u00f3 del llibre &quot;Les Degollades de Folgueroles&quot; \u00b7 24 de novembre: d\\'11.00h a 13.00h \u00b7 25, 27, 28 i 29 de novembre: de 16.00h a 19.00h \u00b7 30 de novembre: d\\'11.00h a 13.00h i de 17.00h a 19.00h \u00b7 1 de desembre: d\\'11.0h a 13.00h&lt;\/p&gt;\\n","url":"https:\/\/moianesturisme.cat\/agendacultural\/activitat\/exposicio-memoria-fotografica\/2024-11-27\/","eventAttendanceMode":"https:\/\/schema.org\/OfflineEventAttendanceMode","eventStatus":"https:\/\/schema.org\/EventScheduled","startDate":"2024-11-27T16:00:00+02:00","endDate":"2024-11-27T19:00:00+02:00","location":{"@type":"Place","name":"Pla\u00e7a Major Calders","description":"","url":"https:\/\/moianesturisme.cat\/agendacultural\/recinte\/placa-major-calders\/","address":{"@type":"PostalAddress","streetAddress":"Pla\u00e7a Major","addressLocality":"Calders","addressRegion":"Barcelona","postalCode":"08275"},"telephone":"","sameAs":""},"organizer":{"@type":"Person","name":"Associaci\u00f3 Cultural de la Dona de Calders","description":"","url":"","telephone":"","email":"","sameAs":""},"performer":"Organization"},"is_virtual":false,"virtual_url":null,"virtual_video_source":""}