{"id":10004317,"global_id":"moianesturisme.cat\/agendacultural?id=10004317","global_id_lineage":["moianesturisme.cat\/agendacultural?id=10004317"],"author":"2","status":"publish","date":"2025-01-22 11:17:04","date_utc":"2025-01-22 09:17:04","modified":"2025-01-29 13:31:19","modified_utc":"2025-01-29 11:31:19","url":"https:\/\/moianesturisme.cat\/agendacultural\/activitat\/fem-salut-castelltercol-2\/2026-05-18\/","rest_url":"https:\/\/moianesturisme.cat\/agendacultural\/wp-json\/tribe\/events\/v1\/events\/10004317","title":"Fem Salut (Castellter\u00e7ol)","description":"<div class=\"fusion-fullwidth fullwidth-box fusion-builder-row-1 fusion-flex-container has-pattern-background has-mask-background nonhundred-percent-fullwidth non-hundred-percent-height-scrolling\" style=\"--awb-border-radius-top-left:0px;--awb-border-radius-top-right:0px;--awb-border-radius-bottom-right:0px;--awb-border-radius-bottom-left:0px;--awb-flex-wrap:wrap;\" ><div class=\"fusion-builder-row fusion-row fusion-flex-align-items-flex-start fusion-flex-content-wrap\" style=\"max-width:1216.8px;margin-left: calc(-4% \/ 2 );margin-right: calc(-4% \/ 2 );\"><div class=\"fusion-layout-column fusion_builder_column fusion-builder-column-0 fusion_builder_column_1_1 1_1 fusion-flex-column\" style=\"--awb-bg-size:cover;--awb-width-large:100%;--awb-margin-top-large:0px;--awb-spacing-right-large:1.92%;--awb-margin-bottom-large:20px;--awb-spacing-left-large:1.92%;--awb-width-medium:100%;--awb-order-medium:0;--awb-spacing-right-medium:1.92%;--awb-spacing-left-medium:1.92%;--awb-width-small:100%;--awb-order-small:0;--awb-spacing-right-small:1.92%;--awb-spacing-left-small:1.92%;\"><div class=\"fusion-column-wrapper fusion-column-has-shadow fusion-flex-justify-content-flex-start fusion-content-layout-column\"><div class=\"fusion-text fusion-text-1\"><p>\u00c9s un espai dirigit on es treballen aspectes com l\u2019equilibri, la coordinaci\u00f3, la postura entre altres a nivell general i un pla de treball individualitzat per millorar i\/o prevenir lesions amb una dedicaci\u00f3 d&#8217;una hora setmanal durant el curs escolar.<\/p>\n<p>Gratu\u00eft. Per a persones majors de 18 anys.<\/p>\n<\/div><\/div><\/div><\/div><\/div>","excerpt":"","slug":"fem-salut-castelltercol-2","image":false,"all_day":false,"start_date":"2026-05-18 15:30:00","start_date_details":{"year":"2026","month":"05","day":"18","hour":"15","minutes":"30","seconds":"00"},"end_date":"2026-05-18 16:30:00","end_date_details":{"year":"2026","month":"05","day":"18","hour":"16","minutes":"30","seconds":"00"},"utc_start_date":"2026-05-18 12:30:00","utc_start_date_details":{"year":"2026","month":"05","day":"18","hour":"12","minutes":"30","seconds":"00"},"utc_end_date":"2026-05-18 13:30:00","utc_end_date_details":{"year":"2026","month":"05","day":"18","hour":"13","minutes":"30","seconds":"00"},"timezone":"UTC+2","timezone_abbr":"UTC+2","cost":"Free","cost_details":{"currency_symbol":"\u20ac","currency_code":"EUR","currency_position":"prefix","values":["0"]},"website":"","show_map":true,"show_map_link":true,"hide_from_listings":false,"sticky":false,"featured":false,"categories":[{"name":"Activitats peri\u00f2diques","slug":"activitats-periodiques","term_group":0,"term_taxonomy_id":87,"taxonomy":"tribe_events_cat","description":"","parent":0,"count":98,"filter":"raw","id":87,"urls":{"self":"https:\/\/moianesturisme.cat\/agendacultural\/wp-json\/tribe\/events\/v1\/categories\/87","collection":"https:\/\/moianesturisme.cat\/agendacultural\/wp-json\/tribe\/events\/v1\/categories"}},{"name":"Cursos i tallers","slug":"cursos-i-tallers","term_group":0,"term_taxonomy_id":69,"taxonomy":"tribe_events_cat","description":"","parent":0,"count":296,"filter":"raw","id":69,"urls":{"self":"https:\/\/moianesturisme.cat\/agendacultural\/wp-json\/tribe\/events\/v1\/categories\/69","collection":"https:\/\/moianesturisme.cat\/agendacultural\/wp-json\/tribe\/events\/v1\/categories"}},{"name":"Gent Gran","slug":"gent-gran","term_group":0,"term_taxonomy_id":122,"taxonomy":"tribe_events_cat","description":"","parent":0,"count":104,"filter":"raw","id":122,"urls":{"self":"https:\/\/moianesturisme.cat\/agendacultural\/wp-json\/tribe\/events\/v1\/categories\/122","collection":"https:\/\/moianesturisme.cat\/agendacultural\/wp-json\/tribe\/events\/v1\/categories"}},{"name":"Salut","slug":"salut","term_group":0,"term_taxonomy_id":78,"taxonomy":"tribe_events_cat","description":"","parent":0,"count":126,"filter":"raw","id":78,"urls":{"self":"https:\/\/moianesturisme.cat\/agendacultural\/wp-json\/tribe\/events\/v1\/categories\/78","collection":"https:\/\/moianesturisme.cat\/agendacultural\/wp-json\/tribe\/events\/v1\/categories"}}],"tags":[],"venue":{"id":9947,"author":"2","status":"publish","date":"2024-01-10 13:06:57","date_utc":"2024-01-10 11:06:57","modified":"2024-01-10 13:06:57","modified_utc":"2024-01-10 11:06:57","url":"https:\/\/moianesturisme.cat\/agendacultural\/recinte\/espai-ludic\/","venue":"Espai l\u00fadic","slug":"espai-ludic","address":"Pla\u00e7a dels Estudis","city":"Castellter\u00e7ol","province":"Barcelona","zip":"08183","stateprovince":"Barcelona","json_ld":{"@type":"Place","name":"Espai l\u00fadic","description":"","url":"https:\/\/moianesturisme.cat\/agendacultural\/recinte\/espai-ludic\/","address":{"@type":"PostalAddress","streetAddress":"Pla\u00e7a dels Estudis","addressLocality":"Castellter\u00e7ol","addressRegion":"Barcelona","postalCode":"08183"},"telephone":"","sameAs":""},"show_map":true,"show_map_link":true,"global_id":"moianesturisme.cat\/agendacultural?id=9947","global_id_lineage":["moianesturisme.cat\/agendacultural?id=9947"]},"organizer":[{"id":6925,"author":"2","status":"publish","date":"2023-07-19 12:36:25","date_utc":"2023-07-19 10:36:25","modified":"2023-07-19 12:36:25","modified_utc":"2023-07-19 10:36:25","url":"https:\/\/moianesturisme.cat\/agendacultural\/organitzador\/ajuntament-de-castelltercol\/","organizer":"Ajuntament de Castellter\u00e7ol","slug":"ajuntament-de-castelltercol","phone":"93 866 61 88","website":"https:\/\/www.castelltersol.cat\/","email":"castelltersol@diba.cat","json_ld":{"@type":"Person","name":"Ajuntament de Castellter\u00e7ol","description":"","url":"https:\/\/www.castelltersol.cat\/","telephone":"93 866 61 88","email":"c&#97;st&#101;ll&#116;e&#114;&#115;o&#108;&#64;&#100;iba&#46;c&#97;&#116;","sameAs":"https:\/\/www.castelltersol.cat\/"},"global_id":"moianesturisme.cat\/agendacultural?id=6925","global_id_lineage":["moianesturisme.cat\/agendacultural?id=6925"]}],"custom_fields":{"_ecp_custom_2":{"label":"Municipis","value":"Castellter\u00e7ol"},"_ecp_custom_12":{"label":"Resum","value":"Cada dilluns de 15:30 a 16:30 a l'Espai L\u00fadic (Pla\u00e7a dels Estudis) o a les Escoles Velles, segons climatologia"}},"json_ld":{"@context":"http:\/\/schema.org","@type":"Event","name":"Fem Salut (Castellter\u00e7ol)","description":"&lt;p&gt;\u00c9s un espai dirigit on es treballen aspectes com l\u2019equilibri, la coordinaci\u00f3, la postura entre altres a nivell general i un pla de treball individualitzat per millorar i\/o prevenir lesions amb una dedicaci\u00f3 d\\'una hora setmanal durant el curs escolar. Gratu\u00eft. Per a persones majors de 18 anys.&lt;\/p&gt;\\n","url":"https:\/\/moianesturisme.cat\/agendacultural\/activitat\/fem-salut-castelltercol-2\/2026-05-18\/","eventAttendanceMode":"https:\/\/schema.org\/OfflineEventAttendanceMode","eventStatus":"https:\/\/schema.org\/EventScheduled","startDate":"2026-05-18T15:30:00+02:00","endDate":"2026-05-18T16:30:00+02:00","location":{"@type":"Place","name":"Espai l\u00fadic","description":"","url":"https:\/\/moianesturisme.cat\/agendacultural\/recinte\/espai-ludic\/","address":{"@type":"PostalAddress","streetAddress":"Pla\u00e7a dels Estudis","addressLocality":"Castellter\u00e7ol","addressRegion":"Barcelona","postalCode":"08183"},"telephone":"","sameAs":""},"organizer":{"@type":"Person","name":"Ajuntament de Castellter\u00e7ol","description":"","url":"https:\/\/www.castelltersol.cat\/","telephone":"93 866 61 88","email":"ca&#115;&#116;e&#108;&#108;te&#114;so&#108;&#64;di&#98;&#97;&#46;&#99;&#97;t","sameAs":"https:\/\/www.castelltersol.cat\/"},"offers":{"@type":"Offer","price":"Free","priceCurrency":"EUR","url":"https:\/\/moianesturisme.cat\/agendacultural\/activitat\/fem-salut-castelltercol-2\/2026-05-18\/","category":"primary","availability":"inStock","validFrom":"1970-01-01T00:00:00+00:00"},"performer":"Organization"},"is_virtual":false,"virtual_url":null,"virtual_video_source":""}